{"id":612517,"date":"2025-12-20T21:46:14","date_gmt":"2025-12-20T21:46:14","guid":{"rendered":"https:\/\/www.europesays.com\/fr\/612517\/"},"modified":"2025-12-20T21:46:14","modified_gmt":"2025-12-20T21:46:14","slug":"lula-et-milei-aux-antipodes-face-au-risque-de-conflit-au-venezuela-20-12-2025-a-2159","status":"publish","type":"post","link":"https:\/\/www.europesays.com\/fr\/612517\/","title":{"rendered":"Lula et Milei aux antipodes face au risque de conflit au Venezuela &#8211; 20\/12\/2025 \u00e0 21:59"},"content":{"rendered":"<p>        <img decoding=\"async\" src=\"https:\/\/www.europesays.com\/fr\/wp-content\/uploads\/2025\/12\/c34daa34fd6d9b2ad619b8505a460d4e-760x507.jpg\" alt=\"Les pr\u00e9sidents argentin Javier Milei, du Paraguay Santiago Pena, du Br\u00e9sil Luiz Inacio Lula da Silva et de l'Uruguay Yamandu Orsi au sommet du Mercosur le 20 d\u00e9cembre 2025 ( AFP \/ Evaristo Sa )\" loading=\"eager\" fetchpriority=\"high\" width=\"760\" height=\"507\" style=\"max-width: 100%!important; height: auto;\"\/><\/p>\n<p class=\"c-image-news__legend\">Les pr\u00e9sidents argentin Javier Milei, du Paraguay Santiago Pena, du Br\u00e9sil Luiz Inacio Lula da Silva et de l&rsquo;Uruguay Yamandu Orsi au sommet du Mercosur le 20 d\u00e9cembre 2025 ( AFP \/ Evaristo Sa )<\/p>\n<p>\n Le pr\u00e9sident br\u00e9silien Lula a mis en garde contre une \u00ab\u00a0catastrophe humanitaire\u00a0\u00bb en cas de conflit arm\u00e9 au Venezuela, samedi lors du sommet du Mercosur \u00e0 Foz do Igua\u00e7u au Br\u00e9sil, o\u00f9 son homologue argentin Javier Milei a salu\u00e9 \u00ab\u00a0la pression\u00a0\u00bb des Etats-Unis sur Caracas.\n<\/p>\n<p>\n Les deux dirigeants sud-am\u00e9ricains, aux antipodes sur l&rsquo;\u00e9chiquier politique, ont tenu ces propos diam\u00e9tralement oppos\u00e9s apr\u00e8s que le pr\u00e9sident am\u00e9ricain Donald Trump n&rsquo;a pas \u00e9cart\u00e9 la possibilit\u00e9 d&rsquo;une guerre contre le Venezuela lors d&rsquo;un entretien \u00e0 la cha\u00eene NBC diffus\u00e9 vendredi.\n<\/p>\n<p>\n Samedi, le bloc sud-am\u00e9ricain \u00e9tait cens\u00e9 sceller l&rsquo;accord de libre-\u00e9change avec l&rsquo;Union Europ\u00e9enne (UE), mais les r\u00e9ticences de la France et de l&rsquo;Italie ont report\u00e9 la signature au dernier moment.\n<\/p>\n<p>\n Et Lula a tenu \u00e0 \u00e9voquer face \u00e0 ses homologues sud-am\u00e9ricains le sujet br\u00fblant de l&rsquo;escalade des tensions entre les Etats-Unis et le Venezuela.\n<\/p>\n<p>\n Washington a d\u00e9ploy\u00e9 un important dispositif militaire dans les Cara\u00efbes depuis cet \u00e9t\u00e9, et men\u00e9 une s\u00e9rie de frappes visant des embarcations de trafiquants de drogue pr\u00e9sum\u00e9s dans les Cara\u00efbes et le Pacifique.\n<\/p>\n<p>\n Au moins 104 personnes ont \u00e9t\u00e9 tu\u00e9es dans ces frappes depuis le d\u00e9but de ces op\u00e9rations, sans que le gouvernement am\u00e9ricain n&rsquo;ait jamais fourni la moindre preuve que les navires vis\u00e9s \u00e9taient effectivement impliqu\u00e9s dans un quelconque trafic.\n<\/p>\n<p>\n En parall\u00e8le, le pr\u00e9sident am\u00e9ricain agite depuis des semaines la menace d&rsquo;une intervention terrestre.\n<\/p>\n<p>\n Samedi, les Etats-Unis ont saisi un nouveau p\u00e9trolier au large du Venezuela, ont rapport\u00e9 samedi plusieurs m\u00e9dias am\u00e9ricains.\n<\/p>\n<p>\n Les forces am\u00e9ricaines avaient d\u00e9j\u00e0 saisi la semaine pass\u00e9e un p\u00e9trolier au large des c\u00f4tes du pays, une op\u00e9ration qui avait \u00e9t\u00e9 d\u00e9nonc\u00e9e comme de la \u00ab\u00a0piraterie navale\u00a0\u00bb par le pr\u00e9sident v\u00e9n\u00e9zu\u00e9lien Nicolas Maduro.\n<\/p>\n<p>\n \u00ab\u00a0Quatre d\u00e9cennies apr\u00e8s la guerre des Malouines, le continent sud-am\u00e9ricain est \u00e0 nouveau hant\u00e9 par la pr\u00e9sence militaire d&rsquo;une puissance\u00a0\u00bb \u00e9trang\u00e8re, a affirm\u00e9 Lula \u00e0 Foz do Igua\u00e7u.\n<\/p>\n<p>\n \u00ab\u00a0Une intervention arm\u00e9e au Venezuela serait une catastrophe humanitaire pour l&rsquo;h\u00e9misph\u00e8re (sud) et un pr\u00e9c\u00e9dent dangereux pour le monde\u00a0\u00bb, a-t-il insist\u00e9.\n<\/p>\n<p>\n M. Milei a au contraire salu\u00e9 \u00ab\u00a0la pression des \u00c9tats-Unis et de Donald Trump pour lib\u00e9rer le peuple v\u00e9n\u00e9zu\u00e9lien\u00a0\u00bb.\n<\/p>\n<p>\n \u00ab\u00a0La dictature atroce et inhumaine du narco-terroriste Nicolas Maduro projette une ombre sombre sur notre r\u00e9gion. Ce danger et cette honte ne peuvent pas continuer d&rsquo;exister sur le continent, sinon ils finiront par nous entra\u00eener tous avec eux\u00a0\u00bb, a lanc\u00e9 le dirigeant ultralib\u00e9ral.\n<\/p>\n<p> &#8211; Accord UE-Mercosur sign\u00e9 en janvier? &#8211;<\/p>\n<p>\n Les pr\u00e9sidents du Br\u00e9sil et de l&rsquo;Argentine sont en revanche align\u00e9s au sujet de l&rsquo;accord entre l&rsquo;UE et le Mercosur.\n<\/p>\n<p>\n \u00ab\u00a0Sans volont\u00e9 politique et sans courage de la part des dirigeants, ce ne sera pas possible de conclure une n\u00e9gociation qui tra\u00eene depuis 26 ans\u00a0\u00bb, a d\u00e9clar\u00e9 Lula.\n<\/p>\n<p>\n \u00ab\u00a0Hier, j&rsquo;ai re\u00e7u une lettre des pr\u00e9sidents de la Commission europ\u00e9enne et du Conseil europ\u00e9en, dans laquelle tous deux expriment l&rsquo;espoir de voir l&rsquo;accord approuv\u00e9 en janvier\u00a0\u00bb, a-t-il ajout\u00e9.\n<\/p>\n<p>\n L&rsquo;Argentine, le Br\u00e9sil, le Paraguay et l&rsquo;Uruguay esp\u00e9raient initialement parapher le trait\u00e9 ce samedi, tout comme la pr\u00e9sidente de la Commission europ\u00e9enne, Ursula von der Leyen, et la plupart des pays de l&rsquo;UE.\n<\/p>\n<p>\n Mais cette signature a finalement \u00e9t\u00e9 report\u00e9e, face \u00e0 la col\u00e8re des agriculteurs europ\u00e9ens, notamment en France et en Italie.\n<\/p>\n<p>\n Au sujet de la r\u00e9ticence de la Premi\u00e8re ministre italienne Giorgia Meloni, qui a jug\u00e9 une signature samedi \u00ab\u00a0pr\u00e9matur\u00e9e\u00a0\u00bb, Lula a affirm\u00e9 qu&rsquo;elle lui avait assur\u00e9 au t\u00e9l\u00e9phone qu&rsquo;elle serait \u00ab\u00a0pr\u00eate\u00a0\u00bb \u00e0 l&rsquo;accepter d\u00e9but janvier.\n<\/p>\n<p>\n \u00ab\u00a0Si elle est pr\u00eate \u00e0 signer et qu&rsquo;il ne manque plus que la France, Ursula von der Leyen et Ant\u00f3nio Costa (pr\u00e9sident du Conseil europ\u00e9en, ndlr) m&rsquo;ont assur\u00e9 que la France ne pourra pas, \u00e0 elle seule, bloquer l&rsquo;accord\u00a0\u00bb, a-t-il ajout\u00e9.\n<\/p>\n<p>\n L&rsquo;accord UE-Mercosur permettrait aux europ\u00e9ens d&rsquo;exporter davantage de v\u00e9hicules, machines, vins et spiritueux en Am\u00e9rique du Sud.\n<\/p>\n<p>\n Dans le sens inverse, il faciliterait l&rsquo;entr\u00e9e en Europe de viande, sucre, riz, miel et soja sud-am\u00e9ricains, ce qui alarme les fili\u00e8res concern\u00e9es.\n<\/p>\n<p>\n Samedi, des barrages sont toujours en place sur des axes routiers et autoroutiers du sud-ouest de la France, au premier jour des vacances scolaires dans le pays.<\/p>\n","protected":false},"excerpt":{"rendered":"Les pr\u00e9sidents argentin Javier Milei, du Paraguay Santiago Pena, du Br\u00e9sil Luiz Inacio Lula da Silva et de&hellip;\n","protected":false},"author":2,"featured_media":612518,"comment_status":"","ping_status":"","sticky":false,"template":"","format":"standard","meta":{"footnotes":""},"categories":[5],"tags":[400,11,398,408,405,1011,27,403,14,402,399,404,12,401,406,407,28],"class_list":{"0":"post-612517","1":"post","2":"type-post","3":"status-publish","4":"format-standard","5":"has-post-thumbnail","7":"category-international","8":"tag-action-cac-40","9":"tag-actualites","10":"tag-bourse-de-paris","11":"tag-boursorama","12":"tag-cotations","13":"tag-fr","14":"tag-france","15":"tag-indices-devises","16":"tag-international","17":"tag-investir","18":"tag-investissement","19":"tag-marche-boursier","20":"tag-news","21":"tag-sicav","22":"tag-trackers","23":"tag-warrants","24":"tag-world"},"share_on_mastodon":{"url":"","error":""},"_links":{"self":[{"href":"https:\/\/www.europesays.com\/fr\/wp-json\/wp\/v2\/posts\/612517","targetHints":{"allow":["GET"]}}],"collection":[{"href":"https:\/\/www.europesays.com\/fr\/wp-json\/wp\/v2\/posts"}],"about":[{"href":"https:\/\/www.europesays.com\/fr\/wp-json\/wp\/v2\/types\/post"}],"author":[{"embeddable":true,"href":"https:\/\/www.europesays.com\/fr\/wp-json\/wp\/v2\/users\/2"}],"replies":[{"embeddable":true,"href":"https:\/\/www.europesays.com\/fr\/wp-json\/wp\/v2\/comments?post=612517"}],"version-history":[{"count":0,"href":"https:\/\/www.europesays.com\/fr\/wp-json\/wp\/v2\/posts\/612517\/revisions"}],"wp:featuredmedia":[{"embeddable":true,"href":"https:\/\/www.europesays.com\/fr\/wp-json\/wp\/v2\/media\/612518"}],"wp:attachment":[{"href":"https:\/\/www.europesays.com\/fr\/wp-json\/wp\/v2\/media?parent=612517"}],"wp:term":[{"taxonomy":"category","embeddable":true,"href":"https:\/\/www.europesays.com\/fr\/wp-json\/wp\/v2\/categories?post=612517"},{"taxonomy":"post_tag","embeddable":true,"href":"https:\/\/www.europesays.com\/fr\/wp-json\/wp\/v2\/tags?post=612517"}],"curies":[{"name":"wp","href":"https:\/\/api.w.org\/{rel}","templated":true}]}}