{"id":612521,"date":"2025-12-20T21:48:16","date_gmt":"2025-12-20T21:48:16","guid":{"rendered":"https:\/\/www.europesays.com\/fr\/612521\/"},"modified":"2025-12-20T21:48:16","modified_gmt":"2025-12-20T21:48:16","slug":"la-compo-du-psg-contre-fontenay-luis-enrique-change-tout","status":"publish","type":"post","link":"https:\/\/www.europesays.com\/fr\/612521\/","title":{"rendered":"La compo du PSG contre Fontenay : Luis Enrique change tout"},"content":{"rendered":"<p>Rest\u00e9 sur le banc lors des deux derniers matchs, Lucas Chevalier devrait y retourner ce samedi en laissant les cages \u00e0 Renato Marin, malgr\u00e9 le forfait de Matvey Safonov. Luis Enrique devrait offrir au jeune gardien italo-br\u00e9silien, ses premi\u00e8res minutes de la saison, tout comme \u00e0 la p\u00e9pite David Boly. Le titi parisien de 16 ans devrait d\u00e9buter sur le c\u00f4t\u00e9 de droit de la d\u00e9fense aux c\u00f4t\u00e9s d\u2019Illia Zabarnyi, Lucas Beraldo et Lucas Hernandez.\u00a0<\/p>\n","protected":false},"excerpt":{"rendered":"Rest\u00e9 sur le banc lors des deux derniers matchs, Lucas Chevalier devrait y retourner ce samedi en laissant&hellip;\n","protected":false},"author":2,"featured_media":612522,"comment_status":"","ping_status":"","sticky":false,"template":"","format":"standard","meta":{"footnotes":""},"categories":[2],"tags":[11,83,72350,72351,1011,27,921,12,91,72352,72353],"class_list":{"0":"post-612521","1":"post","2":"type-post","3":"status-publish","4":"format-standard","5":"has-post-thumbnail","7":"category-actualites","8":"tag-actualites","9":"tag-coupe-de-france","10":"tag-fontenay-le-comte","11":"tag-fontenay-le-comte-vs-paris-saint-germain","12":"tag-fr","13":"tag-france","14":"tag-luis-enrique","15":"tag-news","16":"tag-paris-saint-germain","17":"tag-vendee-fontenay-foot","18":"tag-vendee-fontenay-foot-vs-paris-saint-germain"},"share_on_mastodon":{"url":"https:\/\/pubeurope.com\/@fr\/115754100605615595","error":""},"_links":{"self":[{"href":"https:\/\/www.europesays.com\/fr\/wp-json\/wp\/v2\/posts\/612521","targetHints":{"allow":["GET"]}}],"collection":[{"href":"https:\/\/www.europesays.com\/fr\/wp-json\/wp\/v2\/posts"}],"about":[{"href":"https:\/\/www.europesays.com\/fr\/wp-json\/wp\/v2\/types\/post"}],"author":[{"embeddable":true,"href":"https:\/\/www.europesays.com\/fr\/wp-json\/wp\/v2\/users\/2"}],"replies":[{"embeddable":true,"href":"https:\/\/www.europesays.com\/fr\/wp-json\/wp\/v2\/comments?post=612521"}],"version-history":[{"count":0,"href":"https:\/\/www.europesays.com\/fr\/wp-json\/wp\/v2\/posts\/612521\/revisions"}],"wp:featuredmedia":[{"embeddable":true,"href":"https:\/\/www.europesays.com\/fr\/wp-json\/wp\/v2\/media\/612522"}],"wp:attachment":[{"href":"https:\/\/www.europesays.com\/fr\/wp-json\/wp\/v2\/media?parent=612521"}],"wp:term":[{"taxonomy":"category","embeddable":true,"href":"https:\/\/www.europesays.com\/fr\/wp-json\/wp\/v2\/categories?post=612521"},{"taxonomy":"post_tag","embeddable":true,"href":"https:\/\/www.europesays.com\/fr\/wp-json\/wp\/v2\/tags?post=612521"}],"curies":[{"name":"wp","href":"https:\/\/api.w.org\/{rel}","templated":true}]}}