{"id":612523,"date":"2025-12-20T21:49:21","date_gmt":"2025-12-20T21:49:21","guid":{"rendered":"https:\/\/www.europesays.com\/fr\/612523\/"},"modified":"2025-12-20T21:49:21","modified_gmt":"2025-12-20T21:49:21","slug":"avant-la-hotte-les-commercants-prennent-soin-des-colis-de-noel","status":"publish","type":"post","link":"https:\/\/www.europesays.com\/fr\/612523\/","title":{"rendered":"avant la hotte, les commer\u00e7ants prennent soin des colis de No\u00ebl"},"content":{"rendered":"<p>Colis or not colis\u00a0? Ces derni\u00e8res semaines \u00e0 Firminy, comme dans les communes voisines, les habitants passent et repassent dans les commerces de proximit\u00e9 un peu plus qu\u2019\u00e0 l\u2019accoutum\u00e9e. Avec le d\u00e9veloppement, et peut-\u00eatre d\u00e9sormais l\u2019av\u00e8nement, de la vente et du marchandisage de produits sur internet, beaucoup effectuent leurs achats en ligne et r\u00e9cup\u00e8rent les colis chez les commer\u00e7ants ou, de plus en plus, dans les consignes d\u00e9di\u00e9es.<\/p>\n<p>On les trouve \u00e0 l\u2019int\u00e9rieur de diff\u00e9rents enseignes ou sur les parkings. Depuis quelques ann\u00e9es, l\u2019effervescence commence avant le mois de d\u00e9cembre et les professionnels&#8230;<\/p>\n","protected":false},"excerpt":{"rendered":"Colis or not colis\u00a0? Ces derni\u00e8res semaines \u00e0 Firminy, comme dans les communes voisines, les habitants passent et&hellip;\n","protected":false},"author":2,"featured_media":612524,"comment_status":"","ping_status":"","sticky":false,"template":"","format":"standard","meta":{"footnotes":""},"categories":[9653],"tags":[1111,11,2430,4406,33,7539,1777,674,10282,10283,1011,27,12,25,4001],"class_list":{"0":"post-612523","1":"post","2":"type-post","3":"status-publish","4":"format-standard","5":"has-post-thumbnail","7":"category-saint-etienne","8":"tag-actu","9":"tag-actualites","10":"tag-auvergne-rhone-alpes","11":"tag-commerce-et-services","12":"tag-economie","13":"tag-edition-loire-sud","14":"tag-eu","15":"tag-europe","16":"tag-firminy","17":"tag-firminy-ville","18":"tag-fr","19":"tag-france","20":"tag-news","21":"tag-republique-francaise","22":"tag-saint-etienne"},"share_on_mastodon":{"url":"https:\/\/pubeurope.com\/@fr\/115754104453037272","error":""},"_links":{"self":[{"href":"https:\/\/www.europesays.com\/fr\/wp-json\/wp\/v2\/posts\/612523","targetHints":{"allow":["GET"]}}],"collection":[{"href":"https:\/\/www.europesays.com\/fr\/wp-json\/wp\/v2\/posts"}],"about":[{"href":"https:\/\/www.europesays.com\/fr\/wp-json\/wp\/v2\/types\/post"}],"author":[{"embeddable":true,"href":"https:\/\/www.europesays.com\/fr\/wp-json\/wp\/v2\/users\/2"}],"replies":[{"embeddable":true,"href":"https:\/\/www.europesays.com\/fr\/wp-json\/wp\/v2\/comments?post=612523"}],"version-history":[{"count":0,"href":"https:\/\/www.europesays.com\/fr\/wp-json\/wp\/v2\/posts\/612523\/revisions"}],"wp:featuredmedia":[{"embeddable":true,"href":"https:\/\/www.europesays.com\/fr\/wp-json\/wp\/v2\/media\/612524"}],"wp:attachment":[{"href":"https:\/\/www.europesays.com\/fr\/wp-json\/wp\/v2\/media?parent=612523"}],"wp:term":[{"taxonomy":"category","embeddable":true,"href":"https:\/\/www.europesays.com\/fr\/wp-json\/wp\/v2\/categories?post=612523"},{"taxonomy":"post_tag","embeddable":true,"href":"https:\/\/www.europesays.com\/fr\/wp-json\/wp\/v2\/tags?post=612523"}],"curies":[{"name":"wp","href":"https:\/\/api.w.org\/{rel}","templated":true}]}}