{"id":612525,"date":"2025-12-20T21:51:03","date_gmt":"2025-12-20T21:51:03","guid":{"rendered":"https:\/\/www.europesays.com\/fr\/612525\/"},"modified":"2025-12-20T21:51:03","modified_gmt":"2025-12-20T21:51:03","slug":"plaisia-arbre-de-noel-pour-les-petits-avant-le-vin-chaud-de-la-saint-etienne-pour-les-grands","status":"publish","type":"post","link":"https:\/\/www.europesays.com\/fr\/612525\/","title":{"rendered":"Plaisia. Arbre de No\u00ebl pour les petits avant le vin chaud de la Saint-\u00c9tienne pour les grands"},"content":{"rendered":"<p>Vendredi 19\u00a0d\u00e9cembre, les enfants du village, leurs parents, le maire et ses adjoints se sont r\u00e9unis autour de l\u2019arbre de No\u00ebl. Le p\u00e8re No\u00ebl avec sa barbe blanche a offert un cadeau et pass\u00e9 un moment avec chaque enfant pour le grand plaisir des parents. La soir\u00e9e s\u2019est prolong\u00e9e par un pot offert par la commune auquel le p\u00e8re No\u00ebl a pris part. Apr\u00e8s cette joyeuse c\u00e9r\u00e9monie \u00e0 l\u2019attention des enfants, Jean-Marc Boilletot, le maire, a convi\u00e9 les adultes au traditionnel vin chaud qui se d\u00e9roulera le 26\u00a0d\u00e9cembre \u00e0 18\u00a0h\u00a030 \u00e0 l\u2019occasion de la Saint-Etienne, saint patron du village.<\/p>\n","protected":false},"excerpt":{"rendered":"Vendredi 19\u00a0d\u00e9cembre, les enfants du village, leurs parents, le maire et ses adjoints se sont r\u00e9unis autour de&hellip;\n","protected":false},"author":2,"featured_media":612526,"comment_status":"","ping_status":"","sticky":false,"template":"","format":"standard","meta":{"footnotes":""},"categories":[9653],"tags":[1111,11,2430,1687,2274,1777,674,1011,27,12940,12,72354,25,4001],"class_list":{"0":"post-612525","1":"post","2":"type-post","3":"status-publish","4":"format-standard","5":"has-post-thumbnail","7":"category-saint-etienne","8":"tag-actu","9":"tag-actualites","10":"tag-auvergne-rhone-alpes","11":"tag-culture-loisirs","12":"tag-edition-jura-sud","13":"tag-eu","14":"tag-europe","15":"tag-fr","16":"tag-france","17":"tag-lons-le-saunier-bassin","18":"tag-news","19":"tag-plaisia","20":"tag-republique-francaise","21":"tag-saint-etienne"},"share_on_mastodon":{"url":"https:\/\/pubeurope.com\/@fr\/115754112498753482","error":""},"_links":{"self":[{"href":"https:\/\/www.europesays.com\/fr\/wp-json\/wp\/v2\/posts\/612525","targetHints":{"allow":["GET"]}}],"collection":[{"href":"https:\/\/www.europesays.com\/fr\/wp-json\/wp\/v2\/posts"}],"about":[{"href":"https:\/\/www.europesays.com\/fr\/wp-json\/wp\/v2\/types\/post"}],"author":[{"embeddable":true,"href":"https:\/\/www.europesays.com\/fr\/wp-json\/wp\/v2\/users\/2"}],"replies":[{"embeddable":true,"href":"https:\/\/www.europesays.com\/fr\/wp-json\/wp\/v2\/comments?post=612525"}],"version-history":[{"count":0,"href":"https:\/\/www.europesays.com\/fr\/wp-json\/wp\/v2\/posts\/612525\/revisions"}],"wp:featuredmedia":[{"embeddable":true,"href":"https:\/\/www.europesays.com\/fr\/wp-json\/wp\/v2\/media\/612526"}],"wp:attachment":[{"href":"https:\/\/www.europesays.com\/fr\/wp-json\/wp\/v2\/media?parent=612525"}],"wp:term":[{"taxonomy":"category","embeddable":true,"href":"https:\/\/www.europesays.com\/fr\/wp-json\/wp\/v2\/categories?post=612525"},{"taxonomy":"post_tag","embeddable":true,"href":"https:\/\/www.europesays.com\/fr\/wp-json\/wp\/v2\/tags?post=612525"}],"curies":[{"name":"wp","href":"https:\/\/api.w.org\/{rel}","templated":true}]}}