{"id":612538,"date":"2025-12-20T22:01:31","date_gmt":"2025-12-20T22:01:31","guid":{"rendered":"https:\/\/www.europesays.com\/fr\/612538\/"},"modified":"2025-12-20T22:01:31","modified_gmt":"2025-12-20T22:01:31","slug":"les-bodins-a-zenith-de-rouen-2027","status":"publish","type":"post","link":"https:\/\/www.europesays.com\/fr\/612538\/","title":{"rendered":"Les Bodin&rsquo;s \u00e0 Z\u00e9nith de Rouen 2027"},"content":{"rendered":"<p class=\"intro\">Les Bodin&rsquo;s reviennent \u00e0 Rouen en 2027 avec leur spectacle\u00a0\u00ab\u00a0Votez, les Bodin&rsquo;s Grandeur Nature\u00a0\u00bb au Z\u00e9nith de Rouen. Face \u00e0 l&rsquo;engouement exceptionnel pour leur tourn\u00e9e des 30 ans, le c\u00e9l\u00e8bre duo comique prolonge son succ\u00e8s avec trois repr\u00e9sentations exceptionnelles les 29 et 30 avril et le 2 mai 2027. Maria et Christian Bodin investiront la sc\u00e8ne du Grand-Quevilly pour offrir au public rouennais leur humour rural inimitable. Ne manquez pas cette occasion de retrouver vos personnages pr\u00e9f\u00e9r\u00e9s et r\u00e9servez d\u00e8s maintenant vos billets pour ces dates tr\u00e8s attendues.<\/p>\n<p>\u00c0 Rouen, Les Bodin&rsquo;s investissent le Z\u00e9nith pour une prolongation exceptionnelle<\/p>\n<p>Ce retour des Bodin&rsquo;s sur la sc\u00e8ne rouennaise s&rsquo;inscrit dans la continuit\u00e9 du succ\u00e8s ph\u00e9nom\u00e9nal de leur tourn\u00e9e anniversaire. Le <strong>spectacle\u00a0\u00ab\u00a0Votez, les Bodin&rsquo;s Grandeur Nature\u00a0\u00bb<\/strong> b\u00e9n\u00e9ficie d&rsquo;une prolongation in\u00e9dite en 2027, t\u00e9moignant de la popularit\u00e9 inalt\u00e9rable du duo comique. Cette programmation exceptionnelle en <strong>Haute-Normandie<\/strong> r\u00e9pond aux nombreuses demandes du public qui souhaite retrouver l&rsquo;univers authentique de Maria et Christian.<\/p>\n<p><img decoding=\"async\" loading=\"lazy\" src=\"https:\/\/www.europesays.com\/fr\/wp-content\/uploads\/2025\/12\/les-bodin-s-tickets_483846_3855564_222x222.jpg\" alt=\"Les Bodin'S - 2027 Votez, les Bodin'S Grandeur Nature - Tourn\u00e9e\" class=\"border\"\/><\/p>\n<p>Les trois repr\u00e9sentations programm\u00e9es promettent de faire vibrer le Z\u00e9nith de Rouen avec l&rsquo;humour rural caract\u00e9ristique des Bodin&rsquo;s. Le public pourra d\u00e9couvrir ou red\u00e9couvrir les situations cocasses du quotidien \u00e0 la ferme, sublim\u00e9es par le talent des deux com\u00e9diens. Pour d\u00e9couvrir l&rsquo;ensemble de la programmation, consultez les <a href=\"https:\/\/www.jds.fr\/rouen\/agenda\/sorties-culturelles-spectacles-expositions-cinema-470_B\" target=\"_blank\" rel=\"noopener\">spectacles \u00e0 Rouen<\/a> et ne manquez aucun \u00e9v\u00e9nement culturel de la r\u00e9gion.<\/p>\n<p>Billetterie pour Les Bodin&rsquo;s Grandeur Nature au Z\u00e9nith de Rouen<\/p>\n<p><a class=\"btn btn-lg shadow-lg btn-primary rounded-pill fnac_link\" data-fnac=\"in_article\" href=\"https:\/\/www.awin1.com\/pclick.php?p=43492181736&amp;a=634278&amp;m=12494&amp;clickref=in_article-A-desktop\" target=\"_blank\" rel=\"nofollow noopener\"> Acheter des billets<\/a><\/p>\n<p>Les <strong>billets<\/strong> pour ce spectacle tr\u00e8s attendu au Z\u00e9nith de Rouen sont propos\u00e9s entre <strong>45\u00a0\u20ac et 62\u00a0\u20ac<\/strong>. La popularit\u00e9 exceptionnelle des Bodin&rsquo;s et le succ\u00e8s de leur tourn\u00e9e des 30 ans rendent ces repr\u00e9sentations particuli\u00e8rement pris\u00e9es. Il est vivement conseill\u00e9 de <strong>r\u00e9server<\/strong> rapidement vos places pour \u00e9viter toute d\u00e9ception, d&rsquo;autant que cette prolongation constitue une opportunit\u00e9 rare de voir le duo en 2027.<\/p>\n<p>Pour ne rien manquer de l&rsquo;actualit\u00e9 du duo comique, d\u00e9couvrez <a href=\"https:\/\/www.jds.fr\/artistes\/les-bodin-s-41_N\" target=\"_blank\" rel=\"noopener\">tous les spectacles des Bodin&rsquo;s<\/a> programm\u00e9s dans les diff\u00e9rentes villes de France.<\/p>\n<p>Le parcours artistique embl\u00e9matique des Bodin&rsquo;s<\/p>\n<p>Depuis les ann\u00e9es 1990, <strong>Vincent Dubois<\/strong> et <strong>Jean-Christian Fraiscinet<\/strong> ont cr\u00e9\u00e9 un univers comique unique avec leurs personnages de Maria et Christian Bodin. Cette fermi\u00e8re autoritaire et son fils c\u00e9libataire endurci sont devenus des figures incontournables de l&rsquo;humour fran\u00e7ais, touchant un large public gr\u00e2ce \u00e0 leur repr\u00e9sentation authentique de la <strong>vie rurale fran\u00e7aise<\/strong>.<\/p>\n<p>Leur long\u00e9vit\u00e9 sur sc\u00e8ne t\u00e9moigne de leur capacit\u00e9 remarquable \u00e0 renouveler constamment leur approche tout en conservant l&rsquo;essence de leurs personnages embl\u00e9matiques. Le duo s&rsquo;est sp\u00e9cialis\u00e9 dans l&rsquo;<strong>humour populaire<\/strong>, mettant en sc\u00e8ne avec justesse les situations du quotidien \u00e0 la campagne et les traditions campagnardes fran\u00e7aises.<\/p>\n<p>Comment aller au Z\u00e9nith de Rouen\u00a0?<\/p>\n<p>Situ\u00e9 au centre du complexe du Parc des Expositions, le <a href=\"https:\/\/www.jds.fr\/rouen\/le-grand-quevilly\/salle-de-concert-spectacle\/zenith-de-rouen-15867_L\" target=\"_blank\" rel=\"noopener\">Z\u00e9nith de Rouen au Grand-Quevilly<\/a> est facilement accessible en voiture depuis les principaux axes routiers. Depuis <strong>Paris<\/strong>, comptez environ 1h15 via l&rsquo;A13, tandis que depuis <strong>Le Havre ou Caen<\/strong>, le trajet ne dure qu&rsquo;une heure. Un <strong>parking gratuit de 4 200 places<\/strong> est disponible, bien qu&rsquo;il soit recommand\u00e9 d&rsquo;anticiper votre venue en raison de travaux.<\/p>\n<p>Les <strong>transports en commun<\/strong> du r\u00e9seau Astuce desservent efficacement le site avec l&rsquo;arr\u00eat\u00a0\u00ab\u00a0Z\u00e9nith\/Parc Expo\u00a0\u00bb. Les lignes <strong>T4 et F6<\/strong> offrent des passages fr\u00e9quents, compl\u00e9t\u00e9es par les lignes 27, 32 et F9. Des <strong>navettes sp\u00e9ciales<\/strong> sont organis\u00e9es 20 minutes apr\u00e8s chaque spectacle pour faciliter les retours nocturnes.<\/p>\n<p class=\"mise_en_avant\">Notre conseil\u00a0: privil\u00e9giez les transports en commun, notamment les lignes T4 et F6 qui proposent des passages toutes les 8 \u00e0 10 minutes en heure de pointe.<\/p>\n<p>Apr\u00e8s ce spectacle des Bodin&rsquo;s, le Z\u00e9nith de Rouen accueillera \u00e9galement <a href=\"https:\/\/www.jds.fr\/rouen\/concerts\/chanson-francaise\/julien-clerc-une-vie-891948_A\" target=\"_blank\" rel=\"noopener\">Julien Clerc avec\u00a0\u00ab\u00a0Une Vie\u00a0\u00bb au Z\u00e9nith de Rouen<\/a>, offrant une programmation vari\u00e9e aux amateurs de spectacles vivants.<\/p>\n","protected":false},"excerpt":{"rendered":"Les Bodin&rsquo;s reviennent \u00e0 Rouen en 2027 avec leur spectacle\u00a0\u00ab\u00a0Votez, les Bodin&rsquo;s Grandeur Nature\u00a0\u00bb au Z\u00e9nith de Rouen.&hellip;\n","protected":false},"author":2,"featured_media":612539,"comment_status":"","ping_status":"","sticky":false,"template":"","format":"standard","meta":{"footnotes":""},"categories":[9587],"tags":[1111,11,1777,674,1011,27,12,5161,25,9590],"class_list":{"0":"post-612538","1":"post","2":"type-post","3":"status-publish","4":"format-standard","5":"has-post-thumbnail","7":"category-rouen","8":"tag-actu","9":"tag-actualites","10":"tag-eu","11":"tag-europe","12":"tag-fr","13":"tag-france","14":"tag-news","15":"tag-normandie","16":"tag-republique-francaise","17":"tag-rouen"},"share_on_mastodon":{"url":"https:\/\/pubeurope.com\/@fr\/115754152332824361","error":""},"_links":{"self":[{"href":"https:\/\/www.europesays.com\/fr\/wp-json\/wp\/v2\/posts\/612538","targetHints":{"allow":["GET"]}}],"collection":[{"href":"https:\/\/www.europesays.com\/fr\/wp-json\/wp\/v2\/posts"}],"about":[{"href":"https:\/\/www.europesays.com\/fr\/wp-json\/wp\/v2\/types\/post"}],"author":[{"embeddable":true,"href":"https:\/\/www.europesays.com\/fr\/wp-json\/wp\/v2\/users\/2"}],"replies":[{"embeddable":true,"href":"https:\/\/www.europesays.com\/fr\/wp-json\/wp\/v2\/comments?post=612538"}],"version-history":[{"count":0,"href":"https:\/\/www.europesays.com\/fr\/wp-json\/wp\/v2\/posts\/612538\/revisions"}],"wp:featuredmedia":[{"embeddable":true,"href":"https:\/\/www.europesays.com\/fr\/wp-json\/wp\/v2\/media\/612539"}],"wp:attachment":[{"href":"https:\/\/www.europesays.com\/fr\/wp-json\/wp\/v2\/media?parent=612538"}],"wp:term":[{"taxonomy":"category","embeddable":true,"href":"https:\/\/www.europesays.com\/fr\/wp-json\/wp\/v2\/categories?post=612538"},{"taxonomy":"post_tag","embeddable":true,"href":"https:\/\/www.europesays.com\/fr\/wp-json\/wp\/v2\/tags?post=612538"}],"curies":[{"name":"wp","href":"https:\/\/api.w.org\/{rel}","templated":true}]}}