{"id":612540,"date":"2025-12-20T22:02:28","date_gmt":"2025-12-20T22:02:28","guid":{"rendered":"https:\/\/www.europesays.com\/fr\/612540\/"},"modified":"2025-12-20T22:02:28","modified_gmt":"2025-12-20T22:02:28","slug":"varces-allieres-et-risset-le-dernier-conseil-municipal-de-lannee-qui-a-fait-consensus","status":"publish","type":"post","link":"https:\/\/www.europesays.com\/fr\/612540\/","title":{"rendered":"Varces-Alli\u00e8res-et-Risset. Le dernier conseil municipal de l\u2019ann\u00e9e qui a fait consensus"},"content":{"rendered":"<p>Les \u00e9lus \u00e9taient r\u00e9unis en mairie pour le conseil municipal mercredi soir. Celui-ci et n\u2019a pas fait l\u2019objet de longs d\u00e9bats, tous les points de l\u2019ordre du jour ayant \u00e9t\u00e9 vot\u00e9s \u00e0 l\u2019unanimit\u00e9, devant un public peu nombreux (quatre habitants) qui n\u2019a d\u2019ailleurs pas souhait\u00e9 prendre la parole \u00e0 l\u2019invitation du maire, Jean-Luc Corbet, en fin de s\u00e9ance.<\/p>\n<p>En pr\u00e9liminaire au conseil, Caroline Hostalier,&#8230;<\/p>\n","protected":false},"excerpt":{"rendered":"Les \u00e9lus \u00e9taient r\u00e9unis en mairie pour le conseil municipal mercredi soir. Celui-ci et n\u2019a pas fait l\u2019objet&hellip;\n","protected":false},"author":2,"featured_media":612541,"comment_status":"","ping_status":"","sticky":false,"template":"","format":"standard","meta":{"footnotes":""},"categories":[9566],"tags":[1111,11,2430,1984,113,1777,674,1011,27,2731,7000,12,316,25,13056],"class_list":{"0":"post-612540","1":"post","2":"type-post","3":"status-publish","4":"format-standard","5":"has-post-thumbnail","7":"category-grenoble","8":"tag-actu","9":"tag-actualites","10":"tag-auvergne-rhone-alpes","11":"tag-conseil-municipal","12":"tag-edition-gresivaudan-oisans","13":"tag-eu","14":"tag-europe","15":"tag-fr","16":"tag-france","17":"tag-grenoble","18":"tag-lagglomeration","19":"tag-news","20":"tag-politique","21":"tag-republique-francaise","22":"tag-varces-allieres-et-risset"},"share_on_mastodon":{"url":"https:\/\/pubeurope.com\/@fr\/115754155677993796","error":""},"_links":{"self":[{"href":"https:\/\/www.europesays.com\/fr\/wp-json\/wp\/v2\/posts\/612540","targetHints":{"allow":["GET"]}}],"collection":[{"href":"https:\/\/www.europesays.com\/fr\/wp-json\/wp\/v2\/posts"}],"about":[{"href":"https:\/\/www.europesays.com\/fr\/wp-json\/wp\/v2\/types\/post"}],"author":[{"embeddable":true,"href":"https:\/\/www.europesays.com\/fr\/wp-json\/wp\/v2\/users\/2"}],"replies":[{"embeddable":true,"href":"https:\/\/www.europesays.com\/fr\/wp-json\/wp\/v2\/comments?post=612540"}],"version-history":[{"count":0,"href":"https:\/\/www.europesays.com\/fr\/wp-json\/wp\/v2\/posts\/612540\/revisions"}],"wp:featuredmedia":[{"embeddable":true,"href":"https:\/\/www.europesays.com\/fr\/wp-json\/wp\/v2\/media\/612541"}],"wp:attachment":[{"href":"https:\/\/www.europesays.com\/fr\/wp-json\/wp\/v2\/media?parent=612540"}],"wp:term":[{"taxonomy":"category","embeddable":true,"href":"https:\/\/www.europesays.com\/fr\/wp-json\/wp\/v2\/categories?post=612540"},{"taxonomy":"post_tag","embeddable":true,"href":"https:\/\/www.europesays.com\/fr\/wp-json\/wp\/v2\/tags?post=612540"}],"curies":[{"name":"wp","href":"https:\/\/api.w.org\/{rel}","templated":true}]}}