{"id":612546,"date":"2025-12-20T22:05:13","date_gmt":"2025-12-20T22:05:13","guid":{"rendered":"https:\/\/www.europesays.com\/fr\/612546\/"},"modified":"2025-12-20T22:05:13","modified_gmt":"2025-12-20T22:05:13","slug":"les-espoirs-de-niort-concluent-lannee-en-beaute-avec-un-festival-offensif-face-a-rennes","status":"publish","type":"post","link":"https:\/\/www.europesays.com\/fr\/612546\/","title":{"rendered":"les espoirs de Niort concluent l\u2019ann\u00e9e en beaut\u00e9 avec un festival offensif face \u00e0 Rennes"},"content":{"rendered":"<p><strong>Niort\u00a0&#8211; Rennes\u00a0: 53-7<\/strong><\/p>\n<p>D\u00e9localis\u00e9s sur le stade de la Grand-Croix \u00e0 cause d\u2019une indisponibilit\u00e9 d\u2019Espinassou, les espoirs du Niort RC repoussent d\u00e8s le coup d\u2019envoi la d\u00e9fense rennaise dans ses retranchements. Les Niortais ouvrent donc naturellement la marque avec un d\u00e9calage de Duncan pour Fleiter qui n\u2019en est qu\u2019au d\u00e9but de son festival (2e). En ce d\u00e9but de rencontre, la seule incursion rennaise se fait sur le renvoi apr\u00e8s l\u2019essai et les Deux-s\u00e9vriens continuent de pousser afin de prendre le large. Ils vont inscrire un deuxi\u00e8me essai juste avant le quart d\u2019heure de jeu par l\u2019interm\u00e9diaire de Combrinck (14e).<\/p>\n<p>Apr\u00e8s avoir laiss\u00e9 passer l\u2019orage, les Rennais sortent enfin la t\u00eate de l\u2019eau et vont l\u00e9g\u00e8rement revenir avec un essai de Cotarmanach transform\u00e9 par Chaboury (17e). C\u2019est la seule fois o\u00f9 les Bretons seront aussi dangereux.\u00a0Les espoirs du Niort RC reprennent leur marche en avant et deux nouveaux essais vont intervenir avant de rentrer aux vestiaires. Le premier est l\u2019\u0153uvre de Brescia et le second de <a target=\"_self\" href=\"https:\/\/www.lanouvellerepublique.fr\/deux-sevres\/nationale-espoirs-rugby-a-7-au-niort-rc-matheo-fleiter-sur-tous-les-terrains-1766150003\" rel=\"noopener\">Fleiter<\/a> qui r\u00e9cup\u00e8re bien le ballon, puis passe le ballon au pied par-dessus la d\u00e9fense avant d\u2019aller conclure (39e)&#8230;. <\/p>\n<p>    Cet article a \u00e9t\u00e9 tronqu\u00e9. Abonnez-vous pour lire l&rsquo;article complet sur notre site.<\/p>\n<p style=\"margin: 0 !important; padding: 0 !important; font-size: 12px !important;\">Cet article a \u00e9t\u00e9 tronqu\u00e9. Abonnez-vous pour lire l&rsquo;article complet.<\/p>\n<p>    <a href=\"https:\/\/www.lanouvellerepublique.fr\/abonnements\" style=\"display: inline-block; margin-top: 5px !important; padding: 6px 12px !important; background: #cb1c27; color: white; text-decoration: none; border-radius: 4px; font-size: 12px !important;\" target=\"_blank\" rel=\"noopener\"><br \/>\n      S&rsquo;abonner<br \/>\n    <\/a><\/p>\n","protected":false},"excerpt":{"rendered":"Niort\u00a0&#8211; Rennes\u00a0: 53-7 D\u00e9localis\u00e9s sur le stade de la Grand-Croix \u00e0 cause d\u2019une indisponibilit\u00e9 d\u2019Espinassou, les espoirs du&hellip;\n","protected":false},"author":2,"featured_media":612547,"comment_status":"","ping_status":"","sticky":false,"template":"","format":"standard","meta":{"footnotes":""},"categories":[2821],"tags":[1111,11,829,2545,1777,674,1011,27,17286,12,6752,584,25,479,60],"class_list":{"0":"post-612546","1":"post","2":"type-post","3":"status-publish","4":"format-standard","5":"has-post-thumbnail","7":"category-rennes","8":"tag-actu","9":"tag-actualites","10":"tag-bretagne","11":"tag-deux-sevres","12":"tag-eu","13":"tag-europe","14":"tag-fr","15":"tag-france","16":"tag-nationaux-rugby","17":"tag-news","18":"tag-niort","19":"tag-rennes","20":"tag-republique-francaise","21":"tag-rugby","22":"tag-sports"},"share_on_mastodon":{"url":"https:\/\/pubeurope.com\/@fr\/115754167489912149","error":""},"_links":{"self":[{"href":"https:\/\/www.europesays.com\/fr\/wp-json\/wp\/v2\/posts\/612546","targetHints":{"allow":["GET"]}}],"collection":[{"href":"https:\/\/www.europesays.com\/fr\/wp-json\/wp\/v2\/posts"}],"about":[{"href":"https:\/\/www.europesays.com\/fr\/wp-json\/wp\/v2\/types\/post"}],"author":[{"embeddable":true,"href":"https:\/\/www.europesays.com\/fr\/wp-json\/wp\/v2\/users\/2"}],"replies":[{"embeddable":true,"href":"https:\/\/www.europesays.com\/fr\/wp-json\/wp\/v2\/comments?post=612546"}],"version-history":[{"count":0,"href":"https:\/\/www.europesays.com\/fr\/wp-json\/wp\/v2\/posts\/612546\/revisions"}],"wp:featuredmedia":[{"embeddable":true,"href":"https:\/\/www.europesays.com\/fr\/wp-json\/wp\/v2\/media\/612547"}],"wp:attachment":[{"href":"https:\/\/www.europesays.com\/fr\/wp-json\/wp\/v2\/media?parent=612546"}],"wp:term":[{"taxonomy":"category","embeddable":true,"href":"https:\/\/www.europesays.com\/fr\/wp-json\/wp\/v2\/categories?post=612546"},{"taxonomy":"post_tag","embeddable":true,"href":"https:\/\/www.europesays.com\/fr\/wp-json\/wp\/v2\/tags?post=612546"}],"curies":[{"name":"wp","href":"https:\/\/api.w.org\/{rel}","templated":true}]}}