{"id":612550,"date":"2025-12-20T22:07:14","date_gmt":"2025-12-20T22:07:14","guid":{"rendered":"https:\/\/www.europesays.com\/fr\/612550\/"},"modified":"2025-12-20T22:07:14","modified_gmt":"2025-12-20T22:07:14","slug":"coupe-de-france-contre-dunkerque-ce-dimanche-le-racing-club-de-strasbourg-doit-eviter-lembuche-de-noel","status":"publish","type":"post","link":"https:\/\/www.europesays.com\/fr\/612550\/","title":{"rendered":"Coupe de France. Contre\u00a0Dunkerque ce dimanche, le Racing Club de Strasbourg doit \u00e9viter l&#8217;emb\u00fbche de No\u00ebl"},"content":{"rendered":"<p>\u00c0 quand remonte le dernier beau parcours du Racing en Coupe de France\u200a? Pas d\u2019inqui\u00e9tude si vous ne trouvez pas de r\u00e9ponse dans la seconde, ni m\u00eame au bout de quelques minutes de r\u00e9flexion.<\/p>\n<p>C\u2019est simplement parce qu\u2019il n\u2019y en a plus eu depuis une \u00e9ternit\u00e9. Il faut remonter \u00e0 2001, ann\u00e9e du troisi\u00e8me et dernier succ\u00e8s \u00e0 ce jour dans la comp\u00e9tition \u2013 apr\u00e8s 1951 et 1966 \u2013 pour s\u2019enthousiasmer.<\/p>\n<p>Et encore, la finale contre Amiens (0-0) avait \u00e9t\u00e9 toute vilaine. L\u2019imaginaire collectif retient au mieux le dernier tir au but victorieux de Jos\u00e9 Luis Chilavert que le gardien paraguayen avait c\u00e9l\u00e9br\u00e9 en fumant un cigare gros comme un barreau de chaise dans les vestiaires du Stade de France&#8230;<\/p>\n<p>L\u2019\u00e9limination contre Angers en travers de la gorge<\/p>\n<p>Un quart de si\u00e8cle s\u2019est \u00e9coul\u00e9 sans que les Alsaciens ne voient plus loin que les quarts de finale, l\u00e0 o\u00f9 tout commence r\u00e9ellement, ce qui ne s\u2019est produit qu\u2019\u00e0 trois reprises (*).\u00a0<\/p>\n<p>Insatisfaite, l\u2019attente&#8230;<\/p>\n","protected":false},"excerpt":{"rendered":"\u00c0 quand remonte le dernier beau parcours du Racing en Coupe de France\u200a? Pas d\u2019inqui\u00e9tude si vous ne&hellip;\n","protected":false},"author":2,"featured_media":612551,"comment_status":"","ping_status":"","sticky":false,"template":"","format":"standard","meta":{"footnotes":""},"categories":[2820],"tags":[1111,11,2389,2649,15922,2880,1777,674,107,63,1011,27,775,12,41281,25,517,640],"class_list":{"0":"post-612550","1":"post","2":"type-post","3":"status-publish","4":"format-standard","5":"has-post-thumbnail","7":"category-strasbourg","8":"tag-actu","9":"tag-actualites","10":"tag-alsace","11":"tag-bas-rhin","12":"tag-coupe-de-france-de-football","13":"tag-edition-strasbourg","14":"tag-eu","15":"tag-europe","16":"tag-fil-info","17":"tag-football","18":"tag-fr","19":"tag-france","20":"tag-grand-est","21":"tag-news","22":"tag-racing-club-strasbourg-masculin","23":"tag-republique-francaise","24":"tag-sport","25":"tag-strasbourg"},"share_on_mastodon":{"url":"https:\/\/pubeurope.com\/@fr\/115754175336310226","error":""},"_links":{"self":[{"href":"https:\/\/www.europesays.com\/fr\/wp-json\/wp\/v2\/posts\/612550","targetHints":{"allow":["GET"]}}],"collection":[{"href":"https:\/\/www.europesays.com\/fr\/wp-json\/wp\/v2\/posts"}],"about":[{"href":"https:\/\/www.europesays.com\/fr\/wp-json\/wp\/v2\/types\/post"}],"author":[{"embeddable":true,"href":"https:\/\/www.europesays.com\/fr\/wp-json\/wp\/v2\/users\/2"}],"replies":[{"embeddable":true,"href":"https:\/\/www.europesays.com\/fr\/wp-json\/wp\/v2\/comments?post=612550"}],"version-history":[{"count":0,"href":"https:\/\/www.europesays.com\/fr\/wp-json\/wp\/v2\/posts\/612550\/revisions"}],"wp:featuredmedia":[{"embeddable":true,"href":"https:\/\/www.europesays.com\/fr\/wp-json\/wp\/v2\/media\/612551"}],"wp:attachment":[{"href":"https:\/\/www.europesays.com\/fr\/wp-json\/wp\/v2\/media?parent=612550"}],"wp:term":[{"taxonomy":"category","embeddable":true,"href":"https:\/\/www.europesays.com\/fr\/wp-json\/wp\/v2\/categories?post=612550"},{"taxonomy":"post_tag","embeddable":true,"href":"https:\/\/www.europesays.com\/fr\/wp-json\/wp\/v2\/tags?post=612550"}],"curies":[{"name":"wp","href":"https:\/\/api.w.org\/{rel}","templated":true}]}}