{"id":612556,"date":"2025-12-20T22:11:19","date_gmt":"2025-12-20T22:11:19","guid":{"rendered":"https:\/\/www.europesays.com\/fr\/612556\/"},"modified":"2025-12-20T22:11:19","modified_gmt":"2025-12-20T22:11:19","slug":"quitter-lens-et-signer-a-nantes-il-nest-pas-fou","status":"publish","type":"post","link":"https:\/\/www.europesays.com\/fr\/612556\/","title":{"rendered":"Quitter Lens et signer \u00e0 Nantes, il n&rsquo;est pas fou"},"content":{"rendered":"<p><b>Le <a href=\"https:\/\/www.foot01.com\/nantes\" title=\"FC Nantes\" target=\"_blank\" rel=\"noopener\">FC Nantes<\/a> a boucl\u00e9 un premier renfort d\u2019exp\u00e9rience pour ce <a href=\"https:\/\/www.foot01.com\/mercato\" title=\"Mercato\" target=\"_blank\" rel=\"noopener\">mercato<\/a> hivernal avec la signature de R\u00e9my Cabella. Les Canaris aimeraient maintenant s\u2019offrir Florian Sotoca, mais le joueur du RC Lens n\u2019est pas chaud.<\/b>Il y a urgence \u00e0 Nantes. 17es de Ligue 1, les Canaris veulent recruter massivement en ce mois de janvier afin d\u2019\u00e9viter la catastrophe que repr\u00e9senterait une rel\u00e9gation en Ligue 2. L\u2019id\u00e9e de Waldemar Kita et du nouvel entra\u00eeneur Ahmed Kantari est de miser sur des joueurs exp\u00e9riment\u00e9s afin de sortir Nantes de l\u2019orni\u00e8re. R\u00e9my Cabella est le premier sur la liste puisque <a href=\"https:\/\/www.foot01.com\/nantes\/cest-fait-cabella-sannonce-au-fc-nantes\" target=\"_self\" rel=\"noopener\">l\u2019ancien joueur du LOSC va rejoindre les Canaris<\/a> au mois de janvier comme il l\u2019a lui-m\u00eame confirm\u00e9. Qui sera le prochain ?Sotoca repousse Nantes et reste \u00e0 Lens<\/p>\n<p>Nantes appr\u00e9cie le profil, la polyvalence et l\u2019\u00e9tat d\u2019esprit de Florian Sotoca, cantonn\u00e9 \u00e0 un r\u00f4le de rempla\u00e7ant au RC Lens depuis la signature de Pierre Sage. Mais apr\u00e8s la victoire des Sang et Or contre Feignies-Aulnoye lors des 32es de finale de la Coupe de France vendredi, le joueur de 35 ans a clairement fait savoir que malgr\u00e9 son temps de jeu en chute libre, il n\u2019avait aucunement pr\u00e9vu de faire ses valises apr\u00e8s No\u00ebl. \u00ab Vous savez tout mon amour pour ce club, \u00e7a fait sept ans que je suis ici, tant que je porterai ce maillot, je me donnerai \u00e0 100 % comme je l&rsquo;ai fait depuis le d\u00e9but de saison. C&rsquo;est s\u00fbr que si on commence \u00e0 \u00e9couter \u00e0 droite, \u00e0 gauche, on ne va plus s&rsquo;en sortir\u00a0\u00bb a avou\u00e9 Florian Sotoca avant de poursuivre.\u00a0<\/p>\n<p>\u00ab Je suis tr\u00e8s heureux, m\u00eame si cette ann\u00e9e j&rsquo;ai un petit peu moins de temps de jeu, mais \u00e7a fait partie d&rsquo;une saison. Tous les jours au quotidien, je me donne \u00e0 fond pour justement grappiller du temps de jeu. Je sais que je suis dans un grand club du football fran\u00e7ais, j&rsquo;en suis tr\u00e8s fier, ma t\u00eate elle est ici.\u00a0Je me sens tr\u00e8s bien ici, il n&rsquo;y a pas de raison de changer, en tout cas, \u00e7a me fait plaisir d&rsquo;avoir un petit peu plus de temps de jeu\u00a0\u00bb a indiqu\u00e9 le joueur de 35 ans, qui n\u2019a pas du tout dans un coin de la t\u00eate l\u2019id\u00e9e de quitter le RC Lens. A moins d\u2019une grosse surprise, Nantes va donc pouvoir ranger cette belle id\u00e9e au fond d&rsquo;un tiroir et se concentrer sur d\u2019autres dossiers cet hiver.<\/p>\n","protected":false},"excerpt":{"rendered":"Le FC Nantes a boucl\u00e9 un premier renfort d\u2019exp\u00e9rience pour ce mercato hivernal avec la signature de R\u00e9my&hellip;\n","protected":false},"author":2,"featured_media":612557,"comment_status":"","ping_status":"","sticky":false,"template":"","format":"standard","meta":{"footnotes":""},"categories":[2818],"tags":[1111,11,1777,674,462,1011,27,4253,1434,766,12,2636,25],"class_list":{"0":"post-612556","1":"post","2":"type-post","3":"status-publish","4":"format-standard","5":"has-post-thumbnail","7":"category-nantes","8":"tag-actu","9":"tag-actualites","10":"tag-eu","11":"tag-europe","12":"tag-fc-nantes","13":"tag-fr","14":"tag-france","15":"tag-lens","16":"tag-mercato","17":"tag-nantes","18":"tag-news","19":"tag-pays-de-la-loire","20":"tag-republique-francaise"},"share_on_mastodon":{"url":"https:\/\/pubeurope.com\/@fr\/115754191170234114","error":""},"_links":{"self":[{"href":"https:\/\/www.europesays.com\/fr\/wp-json\/wp\/v2\/posts\/612556","targetHints":{"allow":["GET"]}}],"collection":[{"href":"https:\/\/www.europesays.com\/fr\/wp-json\/wp\/v2\/posts"}],"about":[{"href":"https:\/\/www.europesays.com\/fr\/wp-json\/wp\/v2\/types\/post"}],"author":[{"embeddable":true,"href":"https:\/\/www.europesays.com\/fr\/wp-json\/wp\/v2\/users\/2"}],"replies":[{"embeddable":true,"href":"https:\/\/www.europesays.com\/fr\/wp-json\/wp\/v2\/comments?post=612556"}],"version-history":[{"count":0,"href":"https:\/\/www.europesays.com\/fr\/wp-json\/wp\/v2\/posts\/612556\/revisions"}],"wp:featuredmedia":[{"embeddable":true,"href":"https:\/\/www.europesays.com\/fr\/wp-json\/wp\/v2\/media\/612557"}],"wp:attachment":[{"href":"https:\/\/www.europesays.com\/fr\/wp-json\/wp\/v2\/media?parent=612556"}],"wp:term":[{"taxonomy":"category","embeddable":true,"href":"https:\/\/www.europesays.com\/fr\/wp-json\/wp\/v2\/categories?post=612556"},{"taxonomy":"post_tag","embeddable":true,"href":"https:\/\/www.europesays.com\/fr\/wp-json\/wp\/v2\/tags?post=612556"}],"curies":[{"name":"wp","href":"https:\/\/api.w.org\/{rel}","templated":true}]}}