{"id":612562,"date":"2025-12-20T22:14:12","date_gmt":"2025-12-20T22:14:12","guid":{"rendered":"https:\/\/www.europesays.com\/fr\/612562\/"},"modified":"2025-12-20T22:14:12","modified_gmt":"2025-12-20T22:14:12","slug":"ou-vivre-la-magie-de-noel-a-une-heure-de-toulouse","status":"publish","type":"post","link":"https:\/\/www.europesays.com\/fr\/612562\/","title":{"rendered":"o\u00f9 vivre la magie de No\u00ebl \u00e0 une heure de Toulouse"},"content":{"rendered":"<p>                    Par<br \/>\n        <strong><br \/>\n            <a href=\"https:\/\/actu.fr\/auteur\/lea-afonso\" title=\"Consulter tous les articles de L\u00e9a Afonso\" target=\"_blank\" rel=\"noopener\">L\u00e9a Afonso<\/a><br \/>\n                    <\/strong><\/p>\n<p>        Publi\u00e9 le<\/p>\n<p>            20 d\u00e9c. 2025 \u00e0 18h17        <\/p>\n<p>Illuminations f\u00e9eriques, cr\u00e8ches de No\u00ebl, animations en tout genre\u2026 les f\u00eates de fin d\u2019ann\u00e9e sont l\u2019occasion id\u00e9ale de fl\u00e2ner et de <strong>(re) d\u00e9couvrir les villages et rendez-vous festifs<\/strong> pr\u00e8s de chez soi. Alors en cette mi-d\u00e9cembre\u00a02025, voici notre s\u00e9lection de sorties \u00e0 moins d\u2019une heure de <a href=\"https:\/\/actu.fr\/toulouse\/\" target=\"_blank\" rel=\"noopener\">Toulouse<\/a> pour profiter pleinement de la <strong>magie de No\u00ebl.<\/strong><\/p>\n<p>#1. La for\u00eat enchant\u00e9e de Mauressac<br \/>\n    <a href=\"https:\/\/www.facebook.com\/plugins\/post.php?href=https%3A%2F%2Fwww.facebook.com%2Fpermalink.php%3Fstory_fbid%3Dpfbid024g6UwuQh6QxorATAaYEBv48ruvmBzDnm2ktHMY9DZVHYG7ctrKzszmnrhYraKpaVl%26id%3D100064529358671&amp;show_text=true&amp;width=350\" title=\"Ouvrie le lien\" target=\"_blank\" rel=\"noopener\">Cliquez ici pour visualiser le contenu<\/a><\/p>\n<p class=\" wall-content\">\u00c0 une quarantaine de minutes de Toulouse, direction Mauressac et sa <strong>for\u00eat enchant\u00e9e.<\/strong> Jusqu\u2019au 30\u00a0d\u00e9cembre, \u00e0 partir de 18\u2009h chaque soir, le village se transforme en v\u00e9ritable concentr\u00e9 de No\u00ebl\u2009:<strong> maisons illumin\u00e9es, lagune de mille couleurs<\/strong> et for\u00eat enchant\u00e9e font leur apparition. Le samedi\u00a020, un feu d\u2019artifice est m\u00eame organis\u00e9.<\/p>\n<p>Entr\u00e9e de la for\u00eat \u00e0 4\u00a0\u20ac, de 18\u2009h \u00e0 20\u2009h, restauration sur place<\/p>\n<p>#2. Zoo African Safari \u00e0 Plaisance-du-Touch<\/p>\n<p class=\" wall-content\"><a href=\"https:\/\/www.instagram.com\/p\/DSFm67ZAjlO\/embed\" title=\"Ouvrir le lien sur Instagram\" target=\"_blank\" rel=\"noopener\">Visualiser le contenu sur Instagram<\/a><\/p>\n<p class=\" wall-content\">Po\u00e8me pour Pompom le poney, enrichissement pour les singes, lutin farceur qui enrubane une golfette\u2026 Le Zoo African Safari situ\u00e9 \u00e0 20\u00a0minutes de Toulouse propose un<strong> calendrier de l\u2019avent<\/strong> et des activit\u00e9s en tous genres pour les f\u00eates de fin d\u2019ann\u00e9e. Chaque jour, une nouveaut\u00e9 \u2014 ou une<strong> b\u00eatise du lutin farceur<\/strong> \u2014 se d\u00e9voile. De quoi d\u00e9couvrir le parc et les animaux d\u2019une fa\u00e7on diff\u00e9rente.<\/p>\n<p>#3. Un parcours \u00e0 \u00e9nigmes \u00e0 Grenade<\/p>\n<p class=\" wall-content\">Pourquoi ne pas s\u2019amuser durant les f\u00eates\u2009? Rendez-vous \u00e0 la Bastide de Grenade, \u00e0 45\u00a0minutes au nord de Toulouse. Ici est organis\u00e9 un <strong>parcours \u00e0 \u00e9nigmes dans les ruelles<\/strong> sur le th\u00e8me de \u00ab\u2009La myst\u00e9rieuse lettre de Jean Depuntis\u2009\u00bb. Adapt\u00e9 aux enfants d\u00e8s huit ans, c\u2019est une belle occasion de d\u00e9couvrir la ville et ses illuminations de No\u00ebl.<\/p>\n<p>#4. Spectacle son et lumi\u00e8re \u00e0 la cit\u00e9 m\u00e9di\u00e9vale de Carcassonne<\/p>\n<p class=\" wall-content\">Cette sortie est situ\u00e9e un peu plus loin que les autres, \u00e0 1\u2009h\u200915 de Toulouse\u2026 mais elle vaut le d\u00e9tour. Rendez-vous \u00e0 la cit\u00e9 m\u00e9di\u00e9vale de Carcassonne. Un <strong>spectacle son et lumi\u00e8re<\/strong> s\u2019y d\u00e9roule jusqu\u2019au 3\u00a0janvier 2026, retra\u00e7ant l\u2019histoire de la cit\u00e9, les peuples qui l\u2019ont fa\u00e7onn\u00e9 et la mani\u00e8re dont Carcassonne s\u2019est d\u00e9velopp\u00e9e.<\/p>\n<p>Votre r\u00e9gion, votre actu !<\/p>\n<p>Recevez chaque jour les infos qui comptent pour vous.<\/p>\n<p>\t<a href=\"https:\/\/actu.fr\/newsletter\" class=\"ac-btn ac-btn--corner ac-btn--medium ac-btn--blue800\" target=\"_blank\" rel=\"noopener\">S&rsquo;incrire<\/a><\/p>\n<p>Tous les jours \u00e0 18\u2009h et 19\u2009h<\/p>\n<p>#5. Une cr\u00e8che proven\u00e7ale \u00e0\u00a0Saint-F\u00e9lix-Lauragais<br \/>\n    <img   decoding=\"async\" loading=\"lazy\" src=\"https:\/\/www.europesays.com\/fr\/wp-content\/uploads\/2025\/12\/saint-felix-lauragais-960x640.jpg\" alt=\"Cette ann\u00e9e le ch\u00e2teau de Saint-F\u00e9lix-Lauragais accueille le village proven\u00e7al et la cr\u00e8che de Goerges Hoeflich, ici encore en cours d\u2019\u00e9laboration. \" width=\"960\" height=\"640\"\/><br \/>\n    Cette ann\u00e9e, le ch\u00e2teau de Saint-F\u00e9lix-Lauragais accueille le village proven\u00e7al et la cr\u00e8che de Goerges Hoeflich, ici encore en cours d\u2019\u00e9laboration. (\u00a9Ang\u00e9lique Passebosc \/ Voix du Midi Lauragais)<\/p>\n<p class=\" wall-content\">Direction le sud de Toulouse \u00e0 une cinquantaine de minutes de route. Nous voil\u00e0 arriv\u00e9s \u00e0 Saint-F\u00e9lix-Lauragais, particuli\u00e8rement dans son <strong>ch\u00e2teau<\/strong>. Ici,<a href=\"https:\/\/actu.fr\/occitanie\/saint-felix-lauragais_31478\/ce-chateau-de-haute-garonne-va-accueillir-une-creche-provencale-avec-pres-de-300-santons-a-lest-de-toulouse_63445759.html\" target=\"_blank\" rel=\"noopener\"> une <strong>cr\u00e8che proven\u00e7ale<\/strong> avec pr\u00e8s de <strong>300 santons<\/strong><\/a> est \u00e0 d\u00e9couvrir. Mis en sc\u00e8ne, les personnages comme les animaux seront \u00e0 observer jusqu\u2019au 4\u00a0janvier.<\/p>\n<p>#6. Une sortie en chiens de tra\u00eeneau dans le Comminges<\/p>\n<p class=\" wall-content\"><a href=\"https:\/\/www.instagram.com\/p\/DFlJ4z3uO_7\/embed\" title=\"Ouvrir le lien sur Instagram\" target=\"_blank\" rel=\"noopener\">Visualiser le contenu sur Instagram<\/a><\/p>\n<p class=\" wall-content\">Quel enfant \u2013 et grand enfant \u2013 n\u2019a jamais r\u00eav\u00e9 de faire une sortie en<strong> chiens de tra\u00eeneau<\/strong> l\u2019hiver venu\u2009? Ce No\u00ebl pourrait bien \u00eatre l\u2019occasion r\u00eav\u00e9e. Direction Saint-P\u00e9-Delbos, \u00e0 un peu plus d\u2019une heure au sud-ouest de Toulouse. C\u2019est ici que se trouve <strong>Le Souffle Nordique<\/strong>, qui organise des sorties en tra\u00eeneaux (et en karts lorsqu\u2019il n\u2019y a pas de neige). Une activit\u00e9 pour s\u2019\u00e9vader, comme si le p\u00f4le Nord se trouvait \u00e0 deux pas de la Ville rose.<\/p>\n<p>#7. F\u00eate foraine et magie de No\u00ebl \u00e0 Bessi\u00e8res<br \/>\n    <img   decoding=\"async\" loading=\"lazy\" src=\"https:\/\/www.europesays.com\/fr\/wp-content\/uploads\/2025\/12\/bessieres-960x640.jpg\" alt=\"Un parc d'attractions pour les f\u00eates de fin d'ann\u00e9e dans cette jardinerie. \" width=\"960\" height=\"640\"\/><br \/>\n    Un parc d\u2019attractions pour les f\u00eates de fin d\u2019ann\u00e9e dans cette jardinerie. (\u00a9David Saint-Sernin \/ Actu Toulouse)<\/p>\n<p class=\" wall-content\">\u00c0 l\u2019occasion des f\u00eates de fin d\u2019ann\u00e9e, la<strong> jardinerie et animalerie Solignac<\/strong> situ\u00e9e \u00e0 Bessi\u00e8res se transforme en v\u00e9ritable<a href=\"https:\/\/actu.fr\/occitanie\/bessieres_31066\/pres-de-toulouse-cette-jardinerie-est-transformee-en-fete-foraine-chaque-week-end-le-succes-est-phenomenal_63546856.html\" target=\"_blank\" rel=\"noopener\"> parc d\u2019attractions sur le th\u00e8me de No\u00ebl<\/a>. Carrousel, petit train, contes musicaux, gourmandises, photos avec le P\u00e8re No\u00ebl, mascottes qui d\u00e9ambulent dans les all\u00e9es\u2026 les enfants ne sont pas d\u00e9\u00e7us.<\/p>\n<p>#8. Des journ\u00e9es \u00e0 th\u00e8me \u00e0 Gaillac<\/p>\n<p class=\" wall-content\">Derni\u00e8re id\u00e9e pour les plus t\u00e9m\u00e9raires\u2009:<a href=\"https:\/\/actu.fr\/occitanie\/gaillac_81099\/les-festivites-de-noel-un-peu-decalees-dans-cette-ville-du-tarn-voila-ce-qui-change_63517098.html\" target=\"_blank\" rel=\"noopener\"> des journ\u00e9es \u00e0 th\u00e8me \u00e0 la <strong>patinoire de Gaillac.<\/strong><\/a> Concr\u00e8tement, la patinoire de la commune situ\u00e9e \u00e0 une heure \u00e0 l\u2019est de Toulouse propose deux journ\u00e9es \u00e0 th\u00e8me\u2009:<strong> pulls moches et bonnets de No\u00ebl<\/strong> seront de la partie les <strong>18 et 24\u00a0d\u00e9cembre.<\/strong> L\u2019occasion de ne pas se prendre au s\u00e9rieux le temps d\u2019une sortie en famille ou entre amis.<\/p>\n<p class=\" wall-content\">Personnalisez votre actualit\u00e9 en ajoutant vos villes et m\u00e9dias en favori avec <a href=\"https:\/\/moncompte.actu.fr\" title=\"D\u00e9couvez Mon Actu\" rel=\"nofollow noopener\" data-trk=\"{&quot;cta&quot;:{&quot;action&quot;:&quot;https:\\\/\\\/moncompte.actu.fr&quot;,&quot;category&quot;:&quot;mon compte&quot;,&quot;from&quot;:&quot;article footer&quot;,&quot;name&quot;:&quot;Mon actu&quot;,&quot;type&quot;:&quot;cta&quot;}}\" target=\"_blank\">Mon Actu<\/a>.<\/p>\n<p>                    <script async src=\"\/\/www.instagram.com\/embed.js\"><\/script><\/p>\n","protected":false},"excerpt":{"rendered":"Par L\u00e9a Afonso Publi\u00e9 le 20 d\u00e9c. 2025 \u00e0 18h17 Illuminations f\u00e9eriques, cr\u00e8ches de No\u00ebl, animations en tout&hellip;\n","protected":false},"author":2,"featured_media":612563,"comment_status":"","ping_status":"","sticky":false,"template":"","format":"standard","meta":{"footnotes":""},"categories":[2816],"tags":[1111,11,1777,674,1011,27,1652,12,2680,25,1341,2312],"class_list":{"0":"post-612562","1":"post","2":"type-post","3":"status-publish","4":"format-standard","5":"has-post-thumbnail","7":"category-toulouse","8":"tag-actu","9":"tag-actualites","10":"tag-eu","11":"tag-europe","12":"tag-fr","13":"tag-france","14":"tag-loisirs-culture","15":"tag-news","16":"tag-occitanie","17":"tag-republique-francaise","18":"tag-sortir-a-toulouse","19":"tag-toulouse"},"share_on_mastodon":{"url":"https:\/\/pubeurope.com\/@fr\/115754203961507986","error":""},"_links":{"self":[{"href":"https:\/\/www.europesays.com\/fr\/wp-json\/wp\/v2\/posts\/612562","targetHints":{"allow":["GET"]}}],"collection":[{"href":"https:\/\/www.europesays.com\/fr\/wp-json\/wp\/v2\/posts"}],"about":[{"href":"https:\/\/www.europesays.com\/fr\/wp-json\/wp\/v2\/types\/post"}],"author":[{"embeddable":true,"href":"https:\/\/www.europesays.com\/fr\/wp-json\/wp\/v2\/users\/2"}],"replies":[{"embeddable":true,"href":"https:\/\/www.europesays.com\/fr\/wp-json\/wp\/v2\/comments?post=612562"}],"version-history":[{"count":0,"href":"https:\/\/www.europesays.com\/fr\/wp-json\/wp\/v2\/posts\/612562\/revisions"}],"wp:featuredmedia":[{"embeddable":true,"href":"https:\/\/www.europesays.com\/fr\/wp-json\/wp\/v2\/media\/612563"}],"wp:attachment":[{"href":"https:\/\/www.europesays.com\/fr\/wp-json\/wp\/v2\/media?parent=612562"}],"wp:term":[{"taxonomy":"category","embeddable":true,"href":"https:\/\/www.europesays.com\/fr\/wp-json\/wp\/v2\/categories?post=612562"},{"taxonomy":"post_tag","embeddable":true,"href":"https:\/\/www.europesays.com\/fr\/wp-json\/wp\/v2\/tags?post=612562"}],"curies":[{"name":"wp","href":"https:\/\/api.w.org\/{rel}","templated":true}]}}