{"id":612568,"date":"2025-12-20T22:19:14","date_gmt":"2025-12-20T22:19:14","guid":{"rendered":"https:\/\/www.europesays.com\/fr\/612568\/"},"modified":"2025-12-20T22:19:14","modified_gmt":"2025-12-20T22:19:14","slug":"les-rendez-vous-de-ce-dimanche","status":"publish","type":"post","link":"https:\/\/www.europesays.com\/fr\/612568\/","title":{"rendered":"les rendez-vous de ce dimanche"},"content":{"rendered":"<p>\u00c0 la Gravi\u00e8re, plusieurs rendez-vous sont programm\u00e9s pour les \u00e9quipes du club local de volley-ball. Samedi matin, c\u2019\u00e9tait le tournoi de No\u00ebl pour l\u2019ensemble des jeunes licenci\u00e9s. Ce dimanche 21\u00a0 d\u00e9cembre, \u00e0 13\u00a0h\u00a030, la pr\u00e9-nationale gar\u00e7ons accueille Marseille Volley 13. \u00c0 16\u00a0h, ce sont les filles de Nationale 3 qui donneront la r\u00e9plique Bron Lyon Lumi\u00e8re.<\/p>\n","protected":false},"excerpt":{"rendered":"\u00c0 la Gravi\u00e8re, plusieurs rendez-vous sont programm\u00e9s pour les \u00e9quipes du club local de volley-ball. Samedi matin, c\u2019\u00e9tait&hellip;\n","protected":false},"author":2,"featured_media":612569,"comment_status":"","ping_status":"","sticky":false,"template":"","format":"standard","meta":{"footnotes":""},"categories":[2814],"tags":[1111,11,3859,1777,674,1011,27,32619,32620,884,12,882,25,1632],"class_list":{"0":"post-612568","1":"post","2":"type-post","3":"status-publish","4":"format-standard","5":"has-post-thumbnail","7":"category-marseille","8":"tag-actu","9":"tag-actualites","10":"tag-edition-provencale","11":"tag-eu","12":"tag-europe","13":"tag-fr","14":"tag-france","15":"tag-le-pontet","16":"tag-le-pontet-et-autour","17":"tag-marseille","18":"tag-news","19":"tag-provence-alpes-cote-dazur","20":"tag-republique-francaise","21":"tag-volley-ball"},"share_on_mastodon":{"url":"https:\/\/pubeurope.com\/@fr\/115754222612892381","error":""},"_links":{"self":[{"href":"https:\/\/www.europesays.com\/fr\/wp-json\/wp\/v2\/posts\/612568","targetHints":{"allow":["GET"]}}],"collection":[{"href":"https:\/\/www.europesays.com\/fr\/wp-json\/wp\/v2\/posts"}],"about":[{"href":"https:\/\/www.europesays.com\/fr\/wp-json\/wp\/v2\/types\/post"}],"author":[{"embeddable":true,"href":"https:\/\/www.europesays.com\/fr\/wp-json\/wp\/v2\/users\/2"}],"replies":[{"embeddable":true,"href":"https:\/\/www.europesays.com\/fr\/wp-json\/wp\/v2\/comments?post=612568"}],"version-history":[{"count":0,"href":"https:\/\/www.europesays.com\/fr\/wp-json\/wp\/v2\/posts\/612568\/revisions"}],"wp:featuredmedia":[{"embeddable":true,"href":"https:\/\/www.europesays.com\/fr\/wp-json\/wp\/v2\/media\/612569"}],"wp:attachment":[{"href":"https:\/\/www.europesays.com\/fr\/wp-json\/wp\/v2\/media?parent=612568"}],"wp:term":[{"taxonomy":"category","embeddable":true,"href":"https:\/\/www.europesays.com\/fr\/wp-json\/wp\/v2\/categories?post=612568"},{"taxonomy":"post_tag","embeddable":true,"href":"https:\/\/www.europesays.com\/fr\/wp-json\/wp\/v2\/tags?post=612568"}],"curies":[{"name":"wp","href":"https:\/\/api.w.org\/{rel}","templated":true}]}}