{"id":612571,"date":"2025-12-20T22:22:36","date_gmt":"2025-12-20T22:22:36","guid":{"rendered":"https:\/\/www.europesays.com\/fr\/612571\/"},"modified":"2025-12-20T22:22:36","modified_gmt":"2025-12-20T22:22:36","slug":"quatre-suspects-ecroues-apres-des-homejackings-violents","status":"publish","type":"post","link":"https:\/\/www.europesays.com\/fr\/612571\/","title":{"rendered":"quatre suspects \u00e9crou\u00e9s apr\u00e8s des homejackings violents"},"content":{"rendered":"<p class=\"gmail-Paragraph gmail-SCXW126600928 gmail-BCX0\" lang=\"FR-FR\">Au d\u00e9but du mois d\u2019ao\u00fbt 2025, sur la commune de\u00a0Chaponnay,\u00a0trois individus s\u2019introduisent par effraction chez un homme vivant seul.<\/p>\n<p class=\"gmail-Paragraph gmail-SCXW126600928 gmail-BCX0\" lang=\"FR-FR\">\u00c0 l\u2019int\u00e9rieur du domicile, la sc\u00e8ne bascule rapidement dans la violence. Les agresseurs\u00a0ligotent la victime,\u00a0la forcent \u00e0 prendre des m\u00e9dicaments\u00a0et,\u00a0sous la menace d\u2019une arme blanche, la frappent pour obtenir\u00a0les codes de ses t\u00e9l\u00e9phones portables et les cl\u00e9s des coffres. Les malfaiteurs fouillent ensuite la maison et repartent avec\u00a0plusieurs objets de valeur.\u00a0<\/p>\n<p class=\"gmail-Paragraph gmail-SCXW126600928 gmail-BCX0\" lang=\"FR-FR\">Le lendemain,\u00a0une proche de la premi\u00e8re victime est \u00e0 son tour agress\u00e9e, selon\u00a0un sc\u00e9nario similaire, laissant peu de doute sur le mode op\u00e9ratoire. Pour les enqu\u00eateurs, le lien entre les deux affaires appara\u00eet rapidement.\u00a0<br class=\"gmail-SCXW126600928 gmail-BCX0\"\/>Les premi\u00e8res investigations permettent en effet de conclure que\u00a0\u00ab\u00a0les deux faits ont \u00e9t\u00e9 commis par un m\u00eame groupe d\u2019individus\u00a0\u00bb.\u00a0<\/p>\n<p class=\"gmail-Paragraph gmail-SCXW126600928 gmail-BCX0\" lang=\"FR-FR\">L\u2019enqu\u00eate, confi\u00e9e \u00e0 la\u00a0brigade de recherches de Mions, s\u2019\u00e9tend sur\u00a0quatre mois. Un travail qualifi\u00e9 de \u00ab\u00a0minutieux\u00a0\u00bb\u00a0par\u00a0la gendarmerie, mobilisant\u00a0des techniques sp\u00e9cifiques,\u00a0des surveillances\u00a0et\u00a0des actes de police scientifique.\u00a0<br class=\"gmail-SCXW126600928 gmail-BCX0\"\/>Ce patient travail permet finalement\u00a0d\u2019identifier les mis en cause et de mat\u00e9rialiser leur participation\u00a0aux faits.\u00a0<\/p>\n<p class=\"gmail-Paragraph gmail-SCXW126600928 gmail-BCX0\" lang=\"FR-FR\">Le\u00a0mardi 16 d\u00e9cembre,\u00a0quatre individus sont interpell\u00e9s\u00a0et plac\u00e9s en garde \u00e0 vue. \u00c0 l\u2019issue de leurs auditions, ils sont\u00a0pr\u00e9sent\u00e9s au tribunal judiciaire de Lyon. Ils sont\u00a0plac\u00e9s en d\u00e9tention provisoire, dans l\u2019attente de leur jugement en\u00a0comparution imm\u00e9diate.\u00a0<\/p>\n<p class=\"gmail-Paragraph gmail-SCXW126600928 gmail-BCX0\" lang=\"FR-FR\">Pour la gendarmerie du Rh\u00f4ne, \u00ab\u00a0la t\u00e9nacit\u00e9 des enqu\u00eateurs a permis d\u2019identifier rapidement les auteurs des faits et mettre fin \u00e0 leur action.\u00a0\u00bb Le pr\u00e9judice total des deux home-jackings est estim\u00e9 \u00e0 pr\u00e8s de 60 000 euros.<\/p>\n","protected":false},"excerpt":{"rendered":"Au d\u00e9but du mois d\u2019ao\u00fbt 2025, sur la commune de\u00a0Chaponnay,\u00a0trois individus s\u2019introduisent par effraction chez un homme vivant&hellip;\n","protected":false},"author":2,"featured_media":612572,"comment_status":"","ping_status":"","sticky":false,"template":"","format":"standard","meta":{"footnotes":""},"categories":[1889],"tags":[1111,11,2813,2190,2430,1109,251,1112,2811,1777,674,118,1011,27,1922,1110,1114,2428,2810,12,241,316,25,2812,517,800],"class_list":{"0":"post-612571","1":"post","2":"type-post","3":"status-publish","4":"format-standard","5":"has-post-thumbnail","7":"category-lyon","8":"tag-actu","9":"tag-actualites","10":"tag-article","11":"tag-asvel","12":"tag-auvergne-rhone-alpes","13":"tag-breves","14":"tag-culture","15":"tag-depeches","16":"tag-economique","17":"tag-eu","18":"tag-europe","19":"tag-faits-divers","20":"tag-fr","21":"tag-france","22":"tag-info","23":"tag-informations","24":"tag-infos","25":"tag-lyon","26":"tag-lyonmag","27":"tag-news","28":"tag-ol","29":"tag-politique","30":"tag-republique-francaise","31":"tag-sociale","32":"tag-sport","33":"tag-transports"},"share_on_mastodon":{"url":"https:\/\/pubeurope.com\/@fr\/115754234352734119","error":""},"_links":{"self":[{"href":"https:\/\/www.europesays.com\/fr\/wp-json\/wp\/v2\/posts\/612571","targetHints":{"allow":["GET"]}}],"collection":[{"href":"https:\/\/www.europesays.com\/fr\/wp-json\/wp\/v2\/posts"}],"about":[{"href":"https:\/\/www.europesays.com\/fr\/wp-json\/wp\/v2\/types\/post"}],"author":[{"embeddable":true,"href":"https:\/\/www.europesays.com\/fr\/wp-json\/wp\/v2\/users\/2"}],"replies":[{"embeddable":true,"href":"https:\/\/www.europesays.com\/fr\/wp-json\/wp\/v2\/comments?post=612571"}],"version-history":[{"count":0,"href":"https:\/\/www.europesays.com\/fr\/wp-json\/wp\/v2\/posts\/612571\/revisions"}],"wp:featuredmedia":[{"embeddable":true,"href":"https:\/\/www.europesays.com\/fr\/wp-json\/wp\/v2\/media\/612572"}],"wp:attachment":[{"href":"https:\/\/www.europesays.com\/fr\/wp-json\/wp\/v2\/media?parent=612571"}],"wp:term":[{"taxonomy":"category","embeddable":true,"href":"https:\/\/www.europesays.com\/fr\/wp-json\/wp\/v2\/categories?post=612571"},{"taxonomy":"post_tag","embeddable":true,"href":"https:\/\/www.europesays.com\/fr\/wp-json\/wp\/v2\/tags?post=612571"}],"curies":[{"name":"wp","href":"https:\/\/api.w.org\/{rel}","templated":true}]}}