{"id":612577,"date":"2025-12-20T22:26:26","date_gmt":"2025-12-20T22:26:26","guid":{"rendered":"https:\/\/www.europesays.com\/fr\/612577\/"},"modified":"2025-12-20T22:26:26","modified_gmt":"2025-12-20T22:26:26","slug":"ja-morant-investit-dans-les-levallois-metropolitans","status":"publish","type":"post","link":"https:\/\/www.europesays.com\/fr\/612577\/","title":{"rendered":"Ja Morant investit dans les Levallois Metropolitans !"},"content":{"rendered":"<p>Le meneur de jeu Temetrius Jamel \u00ab\u00a0Ja\u00a0\u00bb Morant fut le 2e choix de la draft de 2019 et accomplit une septi\u00e8me saison aux Memphis Grizzlies. Il tourne \u00e0 22,4 points et 7,4 passes en carri\u00e8re et son salaire pour la saison est de 39 446 090 $.<\/p>\n<p>De son c\u00f4t\u00e9, les Levallois Metropolitans ont \u00e9t\u00e9 repris par EuroStep Ventures o\u00f9 l&rsquo;on retrouve notamment le businessman Luc Dayan. Avec 13 victoires en 17 matches, les Mets sont actuellement leaders de la poule A de NM1 et aspire \u00e0 retourner dans le giron de la Ligue Nationale de Basket.<\/p>\n<blockquote><p>\u00ab\u00a0Voire&#8230; de s&rsquo;inviter dans les discussions autour d&rsquo;une probable NBA Europe, comme un h\u00f4te potentiel de la future franchise du PSG, celle-ci devant n\u00e9cessairement racheter les droits sportifs d&rsquo;une \u00e9quipe si elle se concr\u00e9tise\u00a0\u00bb, \u00e9crit <a href=\"https:\/\/www.lequipe.fr\/Basket\/Actualites\/Star-de-la-nba-ja-morant-investit-dans-les-levallois-metropolitans\/1628231?ref=basketeurope.com\" rel=\"noreferrer noopener\" target=\"_blank\">L&rsquo;Equipe<\/a>.<\/p><\/blockquote>\n<p>De fait, on ne voit pas Ja Morant se contenter du championnat de France alors qu&rsquo;il a investi \u00ab des montants significatifs\u00a0\u00bb,\u00a0explique au quotidien sportif Sam Katzin-Simon, co-fondateur d&rsquo;ESV. <\/p>\n<blockquote><p>\u00ab\u00a0Ja Morant est un peu, au niveau de son impact culturel, le Allen Iverson d&rsquo;aujourd&rsquo;hui. Cet investissement appuie aussi la conviction que le futur du basketball, quel qu&rsquo;il soit, passera et passe d\u00e9j\u00e0 par Paris\u00a0\u00bb Il ajoute : \u00ab\u00a0Nous gardons aussi en t\u00eate que le march\u00e9 parisien, dans la ligne d&rsquo;autres villes comme New York ou Los Angeles, est tout \u00e0 fait taill\u00e9 pour absorber deux franchises.\u00a0\u00bb<\/p><\/blockquote>\n","protected":false},"excerpt":{"rendered":"Le meneur de jeu Temetrius Jamel \u00ab\u00a0Ja\u00a0\u00bb Morant fut le 2e choix de la draft de 2019 et&hellip;\n","protected":false},"author":2,"featured_media":612578,"comment_status":"","ping_status":"","sticky":false,"template":"","format":"standard","meta":{"footnotes":""},"categories":[1888],"tags":[1111,1928,11,1927,1777,674,1011,27,12,1926,626,1925,25],"class_list":{"0":"post-612577","1":"post","2":"type-post","3":"status-publish","4":"format-standard","5":"has-post-thumbnail","7":"category-paris","8":"tag-actu","9":"tag-actu-paris","10":"tag-actualites","11":"tag-actualites-paris","12":"tag-eu","13":"tag-europe","14":"tag-fr","15":"tag-france","16":"tag-news","17":"tag-news-paris","18":"tag-paris","19":"tag-paris-news","20":"tag-republique-francaise"},"share_on_mastodon":{"url":"https:\/\/pubeurope.com\/@fr\/115754250172805755","error":""},"_links":{"self":[{"href":"https:\/\/www.europesays.com\/fr\/wp-json\/wp\/v2\/posts\/612577","targetHints":{"allow":["GET"]}}],"collection":[{"href":"https:\/\/www.europesays.com\/fr\/wp-json\/wp\/v2\/posts"}],"about":[{"href":"https:\/\/www.europesays.com\/fr\/wp-json\/wp\/v2\/types\/post"}],"author":[{"embeddable":true,"href":"https:\/\/www.europesays.com\/fr\/wp-json\/wp\/v2\/users\/2"}],"replies":[{"embeddable":true,"href":"https:\/\/www.europesays.com\/fr\/wp-json\/wp\/v2\/comments?post=612577"}],"version-history":[{"count":0,"href":"https:\/\/www.europesays.com\/fr\/wp-json\/wp\/v2\/posts\/612577\/revisions"}],"wp:featuredmedia":[{"embeddable":true,"href":"https:\/\/www.europesays.com\/fr\/wp-json\/wp\/v2\/media\/612578"}],"wp:attachment":[{"href":"https:\/\/www.europesays.com\/fr\/wp-json\/wp\/v2\/media?parent=612577"}],"wp:term":[{"taxonomy":"category","embeddable":true,"href":"https:\/\/www.europesays.com\/fr\/wp-json\/wp\/v2\/categories?post=612577"},{"taxonomy":"post_tag","embeddable":true,"href":"https:\/\/www.europesays.com\/fr\/wp-json\/wp\/v2\/tags?post=612577"}],"curies":[{"name":"wp","href":"https:\/\/api.w.org\/{rel}","templated":true}]}}