{"id":612579,"date":"2025-12-20T22:27:28","date_gmt":"2025-12-20T22:27:28","guid":{"rendered":"https:\/\/www.europesays.com\/fr\/612579\/"},"modified":"2025-12-20T22:27:28","modified_gmt":"2025-12-20T22:27:28","slug":"meteo-quel-est-cet-episode-paris-moscou-qui-va-faire-chuter-les-temperatures-en-cette-fin-dannee-actualites","status":"publish","type":"post","link":"https:\/\/www.europesays.com\/fr\/612579\/","title":{"rendered":"M\u00e9t\u00e9o : quel est cet \u00e9pisode \u00ab\u00a0Paris-Moscou\u00a0\u00bb qui va faire chuter les temp\u00e9ratures en cette fin d\u2019ann\u00e9e ? : Actualit\u00e9s"},"content":{"rendered":"<p class=\"lead \"><strong>Alors que le temps est plut\u00f4t doux en ce mois de d\u00e9cembre, les temp\u00e9ratures vont drastiquement baisser pour les f\u00eates de fin d\u2019ann\u00e9e. La faute \u00e0 un \u00e9pisode appel\u00e9 \u201cMoscou-Paris\u201d, selon M\u00e9t\u00e9o-Villes.<\/strong><\/p>\n<p class=\"lead \">Le froid va faire son retour. Apr\u00e8s un d\u00e9but de mois de d\u00e9cembre tr\u00e8s doux, avec des temp\u00e9ratures 7\u00b0C \u00e0 10\u00b0C au-dessus des normales de saison, la France va \u00eatre confront\u00e9e \u00e0 l&rsquo;\u00e9pisode \u201cParis-Moscou\u201d en <a href=\"https:\/\/actu.orange.fr\/france\/vacances-de-noel-les-francais-seront-plus-nombreux-a-partir-cette-annee-magic-CNT000002mdfBW.html\" target=\"_blank\" rel=\"noopener\">ces f\u00eates de fin d&rsquo;ann\u00e9e<\/a>.<\/p>\n<p class=\"lead \">Un puissant anticyclone va ainsi se mettre en place sur le nord de l\u2019Europe, qui s\u2019\u00e9tend des A\u00e7ores \u00e0 la Scandinavie. Des basses pressions persisteront sur le bassin m\u00e9diterran\u00e9en. L\u2019air est alors amen\u00e9 \u00e0 circuler depuis l\u2019Europe de l\u2019Est vers la France, ce qui fait remonter un air froid continental venu de Russie, explique <a href=\"https:\/\/www.meteo-paris.com\/actualites\/retour-du-froid-en-vue-pour-les-fetes-a-quoi-s-attendre\" target=\"_blank\" rel=\"noopener\">M\u00e9t\u00e9o-Villes<\/a>.<\/p>\n<p class=\"lead \"><strong>Jusqu\u2019\u00e0 5\u00b0C en dessous des normales de saison<\/strong><\/p>\n<p class=\"lead \">R\u00e9sultat : les temp\u00e9ratures seront dans la moyenne saisonni\u00e8re du lundi 22 au dimanche 28 d\u00e9cembre 2025, et m\u00eame quelques degr\u00e9s en dessous le jour de No\u00ebl puis jusqu\u2019au week-end. Selon La Cha\u00eene M\u00e9t\u00e9o, le thermom\u00e8tre affichera jusqu&rsquo;\u00e0 5\u00b0C en moins par rapport \u00e0 la normale. L&rsquo;apr\u00e8s-midi, les temp\u00e9ratures pourraient plafonner entre 2 et 6\u00b0C sur une large moiti\u00e9 nord du territoire, et entre 6 et 9\u00b0C au sud.<\/p>\n<p class=\"lead \">Cet \u00e9pisode hivernal pourrait ensuite s\u2019installer dans la dur\u00e9e. Selon M\u00e9t\u00e9o-Villes, les mod\u00e9lisations d&rsquo;anomalie thermique virent au bleu, synonyme de froid, pour la semaine du lundi 29 d\u00e9cembre 2025 au dimanche 4 janvier 2026, sur une grande partie de l&rsquo;Europe. En effet, le flux d&rsquo;est \u00e0 nord-est pourrait se maintenir avec un anticyclone viss\u00e9 sur le nord du continent et ainsi permettre au froid de s&rsquo;affirmer au fil des jours.<\/p>\n<p class=\"small font-weight-bold text-gray3 \"> publi\u00e9 le 20 d\u00e9cembre \u00e0 17h55, S\u00e9bastien Salpietro, 6Medias<\/p>\n<p>                             Partager<\/p>\n","protected":false},"excerpt":{"rendered":"Alors que le temps est plut\u00f4t doux en ce mois de d\u00e9cembre, les temp\u00e9ratures vont drastiquement baisser pour&hellip;\n","protected":false},"author":2,"featured_media":612580,"comment_status":"","ping_status":"","sticky":false,"template":"","format":"standard","meta":{"footnotes":""},"categories":[1888],"tags":[1111,1928,11,1927,1777,674,1011,27,12,1926,626,1925,25],"class_list":{"0":"post-612579","1":"post","2":"type-post","3":"status-publish","4":"format-standard","5":"has-post-thumbnail","7":"category-paris","8":"tag-actu","9":"tag-actu-paris","10":"tag-actualites","11":"tag-actualites-paris","12":"tag-eu","13":"tag-europe","14":"tag-fr","15":"tag-france","16":"tag-news","17":"tag-news-paris","18":"tag-paris","19":"tag-paris-news","20":"tag-republique-francaise"},"share_on_mastodon":{"url":"https:\/\/pubeurope.com\/@fr\/115754253923655537","error":""},"_links":{"self":[{"href":"https:\/\/www.europesays.com\/fr\/wp-json\/wp\/v2\/posts\/612579","targetHints":{"allow":["GET"]}}],"collection":[{"href":"https:\/\/www.europesays.com\/fr\/wp-json\/wp\/v2\/posts"}],"about":[{"href":"https:\/\/www.europesays.com\/fr\/wp-json\/wp\/v2\/types\/post"}],"author":[{"embeddable":true,"href":"https:\/\/www.europesays.com\/fr\/wp-json\/wp\/v2\/users\/2"}],"replies":[{"embeddable":true,"href":"https:\/\/www.europesays.com\/fr\/wp-json\/wp\/v2\/comments?post=612579"}],"version-history":[{"count":0,"href":"https:\/\/www.europesays.com\/fr\/wp-json\/wp\/v2\/posts\/612579\/revisions"}],"wp:featuredmedia":[{"embeddable":true,"href":"https:\/\/www.europesays.com\/fr\/wp-json\/wp\/v2\/media\/612580"}],"wp:attachment":[{"href":"https:\/\/www.europesays.com\/fr\/wp-json\/wp\/v2\/media?parent=612579"}],"wp:term":[{"taxonomy":"category","embeddable":true,"href":"https:\/\/www.europesays.com\/fr\/wp-json\/wp\/v2\/categories?post=612579"},{"taxonomy":"post_tag","embeddable":true,"href":"https:\/\/www.europesays.com\/fr\/wp-json\/wp\/v2\/tags?post=612579"}],"curies":[{"name":"wp","href":"https:\/\/api.w.org\/{rel}","templated":true}]}}