{"id":612581,"date":"2025-12-20T22:28:15","date_gmt":"2025-12-20T22:28:15","guid":{"rendered":"https:\/\/www.europesays.com\/fr\/612581\/"},"modified":"2025-12-20T22:28:15","modified_gmt":"2025-12-20T22:28:15","slug":"quinte-du-dimanche-21-decembre-2025-a-vincennes-les-pronostics","status":"publish","type":"post","link":"https:\/\/www.europesays.com\/fr\/612581\/","title":{"rendered":"Quint\u00e9 du dimanche 21 d\u00e9cembre 2025 \u00e0 Vincennes : les pronostics"},"content":{"rendered":"<p class=\"article-p mdl\">Retrouvez les pronostics de Dominique Cordier pour le Quint\u00e9 du dimanche 21 d\u00e9cembre 2025 \u00e0 Vincennes, le Prix T\u00e9nor de Baun\u00e9, Q4 des Am\u00e9rique Races. <strong>D\u00e9part \u00e0 15h15. Tirelire de 1.000.000 euros. 17 partants (le 17 Fame and Glory est non partant). <\/strong>Trot attel\u00e9. Course internationale. Groupe I. 2.700 m\u00e8tres. Grande piste. Trotteurs de 5 ans.&#13;<\/p>\n<p class=\"article-p mdl\">Le forfait de <strong>Fame and Glory <\/strong>rebat les cartes dans ce classique dont le vainqueur, et seulement lui, se verra attribuer une qualification pour le Prix d\u2019Am\u00e9rique.&#13;<\/p>\n<p class=\"article-p mdl\">Le <strong>15 Keep Going<\/strong>, qualifi\u00e9 du fait de sa r\u00e9cente 2e place dans le Prix du Bourbonnais, n\u2019en a plus cure \u00e9videmment, mais il pourrait rel\u00e9guer dans les stands certains autres bons chevaux dont notre s\u00e9lection fait cas, tels le <strong>18 Koctel du Dain<\/strong> ou le <strong>14 Executiv EK<\/strong>, s\u2019il venait \u00e0 renouer ici avec le succ\u00e8s.&#13;<\/p>\n<p class=\"article-p mdl\">Le <strong>12 Epic Kronos<\/strong>, disqualifi\u00e9 dans le Prix de Bretagne en laissant des regrets, s\u2019est refait une r\u00e9putation en s\u2019imposant chez lui, en Su\u00e8de, dans une petite course. Paul Ploquin lui a pr\u00e9f\u00e9r\u00e9 <strong>Immortal Doc<\/strong> (Jean-Michel Bazire), on le rach\u00e8te donc.&#13;<\/p>\n<p class=\"article-p mdl\">M\u00eame ferr\u00e9 et associ\u00e9 \u00e0 son entra\u00eeneur, le <strong>10 King Opera <\/strong>ne m\u00e9rite pas d\u2019\u00eatre laiss\u00e9 de c\u00f4t\u00e9. Il demeure l\u2019un des meilleurs trotteurs au d\u00e9part de classique : c\u2019est l\u2019outsider de RTL.<\/p>\n<p>            Les pronostics<\/p>\n<p class=\"article-p mdl\">15. Keep Going&#13;<br \/>14. Executiv Ek&#13;<br \/>18. Koctel du Dain&#13;<br \/>12. Epic Kronos&#13;<br \/>11. Immortal Doc&#13;<br \/>6. Jazzman&#13;<br \/>10. King Opera<\/p>\n<p>            L&rsquo;outsider de RTL<\/p>\n<p class=\"article-p mdl\">10. King Opera<\/p>\n<p>            R\u00e9sultats du vendredi 19 d\u00e9cembre 2025 en nocturne \u00e0 Vincennes<\/p>\n<p class=\"article-p mdl\">Le favori de RTL se classe 9e, derri\u00e8re l\u2019outsider de RTL, 7e.<\/p>\n<p>    La r\u00e9daction vous recommande<\/p>\n<p class=\"s-newsletter__title\">\n                L\u2019actualit\u00e9 par la r\u00e9daction de RTL dans votre bo\u00eete mail.\n            <\/p>\n<p class=\"s-newsletter__subtitle\">\n                Gr\u00e2ce \u00e0 votre compte RTL abonnez-vous \u00e0 la newsletter RTL info pour suivre toute l&rsquo;actualit\u00e9 au quotidien\n            <\/p>\n<p>\n                                    Lire la suite\n                                <\/p>\n","protected":false},"excerpt":{"rendered":"Retrouvez les pronostics de Dominique Cordier pour le Quint\u00e9 du dimanche 21 d\u00e9cembre 2025 \u00e0 Vincennes, le Prix&hellip;\n","protected":false},"author":2,"featured_media":3836,"comment_status":"","ping_status":"","sticky":false,"template":"","format":"standard","meta":{"footnotes":""},"categories":[1888],"tags":[11,2621,2622,1777,674,107,2619,1011,27,12,626,2623,362,25],"class_list":{"0":"post-612581","1":"post","2":"type-post","3":"status-publish","4":"format-standard","5":"has-post-thumbnail","7":"category-paris","8":"tag-actualites","9":"tag-chevaux","10":"tag-courses","11":"tag-eu","12":"tag-europe","13":"tag-fil-info","14":"tag-fil-sport","15":"tag-fr","16":"tag-france","17":"tag-news","18":"tag-paris","19":"tag-quinte","20":"tag-replay","21":"tag-republique-francaise"},"share_on_mastodon":{"url":"https:\/\/pubeurope.com\/@fr\/115754258048404746","error":""},"_links":{"self":[{"href":"https:\/\/www.europesays.com\/fr\/wp-json\/wp\/v2\/posts\/612581","targetHints":{"allow":["GET"]}}],"collection":[{"href":"https:\/\/www.europesays.com\/fr\/wp-json\/wp\/v2\/posts"}],"about":[{"href":"https:\/\/www.europesays.com\/fr\/wp-json\/wp\/v2\/types\/post"}],"author":[{"embeddable":true,"href":"https:\/\/www.europesays.com\/fr\/wp-json\/wp\/v2\/users\/2"}],"replies":[{"embeddable":true,"href":"https:\/\/www.europesays.com\/fr\/wp-json\/wp\/v2\/comments?post=612581"}],"version-history":[{"count":0,"href":"https:\/\/www.europesays.com\/fr\/wp-json\/wp\/v2\/posts\/612581\/revisions"}],"wp:featuredmedia":[{"embeddable":true,"href":"https:\/\/www.europesays.com\/fr\/wp-json\/wp\/v2\/media\/3836"}],"wp:attachment":[{"href":"https:\/\/www.europesays.com\/fr\/wp-json\/wp\/v2\/media?parent=612581"}],"wp:term":[{"taxonomy":"category","embeddable":true,"href":"https:\/\/www.europesays.com\/fr\/wp-json\/wp\/v2\/categories?post=612581"},{"taxonomy":"post_tag","embeddable":true,"href":"https:\/\/www.europesays.com\/fr\/wp-json\/wp\/v2\/tags?post=612581"}],"curies":[{"name":"wp","href":"https:\/\/api.w.org\/{rel}","templated":true}]}}