{"id":612585,"date":"2025-12-20T22:32:42","date_gmt":"2025-12-20T22:32:42","guid":{"rendered":"https:\/\/www.europesays.com\/fr\/612585\/"},"modified":"2025-12-20T22:32:42","modified_gmt":"2025-12-20T22:32:42","slug":"russes-et-ukrainiens-se-retrouvent-a-miami-pour-parler-de-paix","status":"publish","type":"post","link":"https:\/\/www.europesays.com\/fr\/612585\/","title":{"rendered":"Russes et Ukrainiens se retrouvent \u00e0 Miami pour parler de paix"},"content":{"rendered":"<p>Vous avez rat\u00e9 les derniers \u00e9v\u00e9nements sur la <a href=\"https:\/\/www.20minutes.fr\/monde\/ukraine\/\" class=\"c-link c-link--is-underlined\" target=\"_blank\" rel=\"noopener\">guerre en Ukraine<\/a>\u00a0? 20 Minutes fait le point pour vous tous les soirs. Voici l\u2019essentiel de ce samedi 20\u00a0d\u00e9cembre, au 1.396e jour du conflit.<\/p>\n<p>Le fait du jour<\/p>\n<p>La Russie a poursuivi samedi <a href=\"https:\/\/www.20minutes.fr\/monde\/ukraine\/4192315-20251219-direct-guerre-ukraine-macron-juge-va-redevenir-utile-parler-poutine\" class=\"c-link c-link--is-underlined\" target=\"_blank\" rel=\"noopener\">ses frappes sur Odessa<\/a> et les infrastructures de sa r\u00e9gion, dans le sud de l\u2019Ukraine, provoquant un important incendie dans le plus grand terminal d\u2019huile v\u00e9g\u00e9tale du pays dont au moins un employ\u00e9 a p\u00e9ri.<\/p>\n<p>Des images envoy\u00e9es \u00e0 l\u2019AFP montrent des pompiers face \u00e0 d\u2019immenses flammes et \u00e0 une \u00e9paisse fum\u00e9e noire enveloppant d\u2019\u00e9normes citernes. \u00ab\u00a0La Russie tente \u00e0 nouveau de restreindre les acc\u00e8s de l\u2019Ukraine \u00e0 la mer et de bloquer nos r\u00e9gions c\u00f4ti\u00e8res\u00a0\u00bb, a d\u00e9nonc\u00e9 samedi le pr\u00e9sident ukrainien Volodymyr Zelensky. \u00ab\u00a0Des centaines de tonnes d\u2019huile de tournesol\u00a0\u00bb ont \u00e9t\u00e9 perdues dans cet incendie selon Kiev, qui affirme qu\u2019il s\u2019agit de la cinqui\u00e8me frappe, et de la plus destructrice, depuis le d\u00e9but de l\u2019invasion russe en f\u00e9vrier\u00a02022.<\/p>\n<p>Moscou avait pr\u00e9venu d\u2019une intensification des attaques sur les ports ukrainiens en repr\u00e9sailles aux frappes de Kiev qui se sont multipli\u00e9es contre les p\u00e9troliers de la \u00ab\u00a0flotte fant\u00f4me\u00a0\u00bb russe.<\/p>\n<\/p>\n<p>Vendredi, huit personnes avaient \u00e9t\u00e9 tu\u00e9es par un missile balistique qui s\u2019\u00e9tait abattu pr\u00e8s d\u2019Odessa et des dizaines de milliers de personnes \u00e9taient toujours sans \u00e9lectricit\u00e9 samedi. Moscou a intensifi\u00e9 ses attaques ces derni\u00e8res semaines <a href=\"https:\/\/www.20minutes.fr\/monde\/ukraine\/4046343-20230720-guerre-ukraine-troisieme-nuit-enfer-odessa-eaux-troubles-mer-noire\" class=\"c-link c-link--is-underlined\" target=\"_blank\" rel=\"noopener\">sur la r\u00e9gion d\u2019Odessa<\/a>, bord\u00e9e par la mer Noire, frappant installations portuaires, infrastructures \u00e9nerg\u00e9tiques, ponts et autres \u00e9quipements civils.<\/p>\n<p>La d\u00e9claration du jour<\/p>\n<blockquote class=\"mx-m@xs mx-xxl@md color-ultramarine c-citation\">\n<p class=\"font-weight-regular@xs text-italic font-source-serif-pro text-l@xs c-citation__content\">\u00ab\u00a0Je pense que les Etats-Unis et le pr\u00e9sident Trump ont cette force. Et je pense que nous ne devrions pas chercher d\u2019alternatives aux Etats-Unis. Tout autre choix soul\u00e8ve des doutes.\u00a0\u00bb<\/p>\n<\/blockquote>\n<p>Volodymyr Zelensky a estim\u00e9 que seuls les Etats-Unis \u00e9taient capables de persuader la Russie de mettre fin \u00e0 la guerre en Ukraine, au moment o\u00f9 des envoy\u00e9s de Kiev et de Moscou se sont rendus \u00e0 Miami pour de nouvelles discussions.<\/p>\n<p>La tendance<\/p>\n<p>Les Etats-Unis ont propos\u00e9 d\u2019organiser les premi\u00e8res n\u00e9gociations en face-\u00e0-face entre l\u2019Ukraine et la Russie depuis six mois, \u00e0 Miami, o\u00f9 de nouvelles discussions en vue de mettre la fin de la guerre doivent se d\u00e9rouler, a assur\u00e9 samedi le pr\u00e9sident ukrainien Volodymyr Zelensky.<\/p>\n<p>L\u2019\u00e9missaire russe Kirill Dmitriev a dans le m\u00eame temps annonc\u00e9 qu\u2019il se dirigeait vers cette ville de Floride o\u00f9 des \u00e9quipes ukrainienne et europ\u00e9enne se trouvent d\u00e9j\u00e0 pour participer aux pourparlers men\u00e9s par Steve Witkoff, l\u2019envoy\u00e9 sp\u00e9cial de Donald Trump, et Jared Kushner, le gendre du pr\u00e9sident am\u00e9ricain.<\/p>\n<p>Washington a \u00ab\u00a0propos\u00e9 un format, autant que je sache, Ukraine, Etats-Unis, Russie\u00a0\u00bb, a affirm\u00e9 devant la presse \u00e0 Kiev Volodymyr Zelensky, \u00e9voquant en outre une possible pr\u00e9sence de repr\u00e9sentants europ\u00e9ens.<\/p>\n<p><a href=\"http:\/\/www.20minutes.fr\/monde\/ukraine\" class=\"c-link c-btn c-btn--primary\" target=\"_blank\" rel=\"noopener\">Notre dossier sur la guerre en Ukraine<\/a><\/p>\n<p>Volodymyr Zelensky, a par ailleurs averti que ce n\u2019\u00e9tait pas \u00e0 Vladimir Poutine de d\u00e9cider de l\u2019organisation des \u00e9lections en Ukraine. Le pr\u00e9sident russe avait sugg\u00e9r\u00e9 la veille que la Russie pourrait cesser ses frappes en profondeur le jour o\u00f9 un scrutin aurait lieu.<\/p>\n","protected":false},"excerpt":{"rendered":"Vous avez rat\u00e9 les derniers \u00e9v\u00e9nements sur la guerre en Ukraine\u00a0? 20 Minutes fait le point pour vous&hellip;\n","protected":false},"author":2,"featured_media":612586,"comment_status":"","ping_status":"","sticky":false,"template":"","format":"standard","meta":{"footnotes":""},"categories":[1590],"tags":[47,11,75,564,73,1777,674,131,4998,74,12,132,220,135],"class_list":{"0":"post-612585","1":"post","2":"type-post","3":"status-publish","4":"format-standard","5":"has-post-thumbnail","7":"category-ukraine","8":"tag-actualite","9":"tag-actualites","10":"tag-donald-trump","11":"tag-drone","12":"tag-etats-unis","13":"tag-eu","14":"tag-europe","15":"tag-guerre-en-ukraine","16":"tag-kremlin","17":"tag-monde","18":"tag-news","19":"tag-russie","20":"tag-ukraine","21":"tag-vladimir-poutine"},"share_on_mastodon":{"url":"https:\/\/pubeurope.com\/@fr\/115754273540258899","error":""},"_links":{"self":[{"href":"https:\/\/www.europesays.com\/fr\/wp-json\/wp\/v2\/posts\/612585","targetHints":{"allow":["GET"]}}],"collection":[{"href":"https:\/\/www.europesays.com\/fr\/wp-json\/wp\/v2\/posts"}],"about":[{"href":"https:\/\/www.europesays.com\/fr\/wp-json\/wp\/v2\/types\/post"}],"author":[{"embeddable":true,"href":"https:\/\/www.europesays.com\/fr\/wp-json\/wp\/v2\/users\/2"}],"replies":[{"embeddable":true,"href":"https:\/\/www.europesays.com\/fr\/wp-json\/wp\/v2\/comments?post=612585"}],"version-history":[{"count":0,"href":"https:\/\/www.europesays.com\/fr\/wp-json\/wp\/v2\/posts\/612585\/revisions"}],"wp:featuredmedia":[{"embeddable":true,"href":"https:\/\/www.europesays.com\/fr\/wp-json\/wp\/v2\/media\/612586"}],"wp:attachment":[{"href":"https:\/\/www.europesays.com\/fr\/wp-json\/wp\/v2\/media?parent=612585"}],"wp:term":[{"taxonomy":"category","embeddable":true,"href":"https:\/\/www.europesays.com\/fr\/wp-json\/wp\/v2\/categories?post=612585"},{"taxonomy":"post_tag","embeddable":true,"href":"https:\/\/www.europesays.com\/fr\/wp-json\/wp\/v2\/tags?post=612585"}],"curies":[{"name":"wp","href":"https:\/\/api.w.org\/{rel}","templated":true}]}}