{"id":612595,"date":"2025-12-20T22:38:23","date_gmt":"2025-12-20T22:38:23","guid":{"rendered":"https:\/\/www.europesays.com\/fr\/612595\/"},"modified":"2025-12-20T22:38:23","modified_gmt":"2025-12-20T22:38:23","slug":"lula-appelle-lunion-europeenne-a-faire-preuve-de-courage-pour-signer-laccord-avec-le-mercosur","status":"publish","type":"post","link":"https:\/\/www.europesays.com\/fr\/612595\/","title":{"rendered":"Lula appelle l\u2019Union europ\u00e9enne \u00e0 faire preuve de \u00ab\u00a0courage\u00a0\u00bb pour signer l\u2019accord avec le Mercosur"},"content":{"rendered":"<p>Le pr\u00e9sident br\u00e9silien Luiz In\u00e1cio Lula da\u00a0Silva a appel\u00e9, samedi 20\u00a0d\u00e9cembre, l\u2019Union Europ\u00e9enne (UE) \u00e0 faire preuve de \u00ab\u00a0courage\u00a0\u00bb, apr\u00e8s<a target=\"_self\" href=\"https:\/\/www.lanouvellerepublique.fr\/a-la-une\/mercosur-ursula-von-der-leyen-annonce-le-report-de-la-signature-de-l-accord-a-janvier-1766087783\" rel=\"noopener\"> le report de la signature de l\u2019accord de libre-\u00e9change avec le Mercosur<\/a>. \u00ab\u00a0Sans volont\u00e9 politique et sans courage de la part des dirigeants, ce ne sera pas possible de conclure une n\u00e9gociation qui tra\u00eene depuis 26\u00a0ans\u00a0\u00bb, a d\u00e9clar\u00e9 Lula en ouverture du sommet du bloc sud-am\u00e9ricain, \u00e0 Foz do Igua\u00e7u, dans le sud du Br\u00e9sil.<\/p>\n<p>L\u2019Argentine, le Br\u00e9sil, le Paraguay et l\u2019Uruguay esp\u00e9raient initialement parapher le trait\u00e9, ce samedi, tout comme la pr\u00e9sidente de la Commission europ\u00e9enne Ursula von\u00a0der\u00a0Leyen et une majorit\u00e9 de pays de l\u2019UE. Mais cette signature a finalement \u00e9t\u00e9 report\u00e9e, face \u00e0 <a target=\"_self\" href=\"https:\/\/www.lanouvellerepublique.fr\/a-la-une\/agriculteurs-vent-debout-contre-le-mercosur-echauffourees-a-bruxelles-dans-le-quartier-europeen-1766077625\" rel=\"noopener\">la col\u00e8re des agriculteurs europ\u00e9ens<\/a>, notamment en France et en Italie.<\/p>\n<p>\u00ab\u00a0Transmettre un message au monde\u00a0\u00bb<\/p>\n<p>\u00ab\u00a0Nous avions entre nos mains l\u2019occasion de transmettre au monde un message important en d\u00e9fense du multilat\u00e9ralisme et de renforcer notre position strat\u00e9gique dans un contexte mondial de plus en plus comp\u00e9titif. Mais, malheureusement, l\u2019Europe ne s\u2019est pas encore d\u00e9cid\u00e9e\u00a0\u00bb, a d\u00e9plor\u00e9 Lula.<\/p>\n<p>\u00ab\u00a0Hier, j\u2019ai re\u00e7u une lettre des pr\u00e9sidents de la Commission europ\u00e9enne et du Conseil europ\u00e9en, dans laquelle tous deux expriment l\u2019espoir de voir l\u2019accord approuv\u00e9 en janvier\u00a0\u00bb, a-t-il temp\u00e9r\u00e9.<\/p>\n<p>\u00ab\u00a0Nous sommes pr\u00eats \u00e0 aller de l\u2019avant, sachant que l\u2019Europe a ses d\u00e9lais \u00e0 respecter pour r\u00e9gler les questions institutionnelles internes, mais en m\u00eame temps, ces d\u00e9lais ne sont pas infinis\u00a0\u00bb, a mis en garde le ministre paraguayen des Affaires \u00e9trang\u00e8res Rub\u00e9n Ram\u00edrez, plus t\u00f4t ce samedi.<\/p>\n<p>L\u2019accord UE-Mercosur permettrait aux Europ\u00e9ens d\u2019exporter davantage de v\u00e9hicules, machines, vins et spiritueux en Am\u00e9rique du Sud. Dans le sens inverse, il faciliterait l\u2019entr\u00e9e en Europe de viande, sucre, riz, miel et soja sud-am\u00e9ricains, ce qui alarme les fili\u00e8res concern\u00e9es et est <a target=\"_self\" href=\"https:\/\/www.lanouvellerepublique.fr\/indre\/commune\/rosnay\/nous-le-denoncons-depuis-le-debut-la-colere-de-la-confederation-paysanne-de-l-indre-par-rapport-au-mercosur-1766088028\" rel=\"noopener\">en partie \u00e0 l\u2019origine de la col\u00e8re agricole qui s\u00e9vit en France<\/a>.<\/p>\n","protected":false},"excerpt":{"rendered":"Le pr\u00e9sident br\u00e9silien Luiz In\u00e1cio Lula da\u00a0Silva a appel\u00e9, samedi 20\u00a0d\u00e9cembre, l\u2019Union Europ\u00e9enne (UE) \u00e0 faire preuve de&hellip;\n","protected":false},"author":2,"featured_media":612596,"comment_status":"","ping_status":"","sticky":false,"template":"","format":"standard","meta":{"footnotes":""},"categories":[1586],"tags":[328,11,327,5165,215,33,1777,674,1779,1011,27,329,693,74,12,316,25,1778,364],"class_list":{"0":"post-612595","1":"post","2":"type-post","3":"status-publish","4":"format-standard","5":"has-post-thumbnail","7":"category-europe","8":"tag-a-la-une","9":"tag-actualites","10":"tag-agriculture","11":"tag-amerique-du-sud","12":"tag-commerce","13":"tag-economie","14":"tag-eu","15":"tag-europe","16":"tag-european-union","17":"tag-fr","18":"tag-france","19":"tag-france-monde","20":"tag-industrie","21":"tag-monde","22":"tag-news","23":"tag-politique","24":"tag-republique-francaise","25":"tag-ue","26":"tag-union-europeenne"},"share_on_mastodon":{"url":"https:\/\/pubeurope.com\/@fr\/115754297256913959","error":""},"_links":{"self":[{"href":"https:\/\/www.europesays.com\/fr\/wp-json\/wp\/v2\/posts\/612595","targetHints":{"allow":["GET"]}}],"collection":[{"href":"https:\/\/www.europesays.com\/fr\/wp-json\/wp\/v2\/posts"}],"about":[{"href":"https:\/\/www.europesays.com\/fr\/wp-json\/wp\/v2\/types\/post"}],"author":[{"embeddable":true,"href":"https:\/\/www.europesays.com\/fr\/wp-json\/wp\/v2\/users\/2"}],"replies":[{"embeddable":true,"href":"https:\/\/www.europesays.com\/fr\/wp-json\/wp\/v2\/comments?post=612595"}],"version-history":[{"count":0,"href":"https:\/\/www.europesays.com\/fr\/wp-json\/wp\/v2\/posts\/612595\/revisions"}],"wp:featuredmedia":[{"embeddable":true,"href":"https:\/\/www.europesays.com\/fr\/wp-json\/wp\/v2\/media\/612596"}],"wp:attachment":[{"href":"https:\/\/www.europesays.com\/fr\/wp-json\/wp\/v2\/media?parent=612595"}],"wp:term":[{"taxonomy":"category","embeddable":true,"href":"https:\/\/www.europesays.com\/fr\/wp-json\/wp\/v2\/categories?post=612595"},{"taxonomy":"post_tag","embeddable":true,"href":"https:\/\/www.europesays.com\/fr\/wp-json\/wp\/v2\/tags?post=612595"}],"curies":[{"name":"wp","href":"https:\/\/api.w.org\/{rel}","templated":true}]}}