{"id":61260,"date":"2025-04-29T07:44:08","date_gmt":"2025-04-29T07:44:08","guid":{"rendered":"https:\/\/www.europesays.com\/fr\/61260\/"},"modified":"2025-04-29T07:44:08","modified_gmt":"2025-04-29T07:44:08","slug":"fin-de-saison-au-cnm-pour-le-quadrathlon-a-destination-des-femmes-victimes-de-violences-conjugales","status":"publish","type":"post","link":"https:\/\/www.europesays.com\/fr\/61260\/","title":{"rendered":"fin de saison au CNM pour le \u00ab\u00a0Quadrathlon\u00a0\u00bb \u00e0 destination des femmes victimes de violences conjugales"},"content":{"rendered":"<p>C&rsquo;est la deuxi\u00e8me ann\u00e9e que le CNM s&rsquo;engage dans ce programme cr\u00e9\u00e9 en 2021 par l&rsquo;UCPA et l&rsquo;association Solidarit\u00e9 Femmes 13. Le club marseillais met gracieusement \u00e0 disposition son bassin. \u00ab\u00a0Pour nous, cela parait \u00e9vident de partager notre bassin pour que celles ou ceux qui sont dans le besoin puissent pratiquer la natation, souligne le pr\u00e9sident Paul Leccia. \u00c7a apporte beaucoup au club, on tend la main et on vit des choses diff\u00e9rentes, \u00e7a ram\u00e8ne \u00e0 la vraie vie et pas aux paillettes de l&rsquo;\u00e9lite. Ce bassin olympique est un bassin de partage.\u00a0\u00bb<\/p>\n<p>Apr\u00e8s l&rsquo;\u00e9quitation, la voile et le football, ce groupe de femmes a donc termin\u00e9 ce cycle de quadrathlon par de la natation dans le bassin du club des Catalans, afin d&rsquo;y d\u00e9couvrir les bienfaits physiques mais aussi psychologiques de la pratique aquatique. Un moyen de travailler leur confiance en soi et leur relation au corps.<\/p>\n<p>\u00ab\u00a0On est entre de bonne main, c&rsquo;est l&rsquo;occasion de pouvoir partager des \u00e9motions fortes \u00e0 travers le sport, confie une des adh\u00e9rentes du projet. Il y a toujours quelque chose qui joue sur l&rsquo;esprit et sur notre moral. Et puis, ne venant pas de Marseille, c&rsquo;est un bonheur d&rsquo;avoir ces activit\u00e9s en rapport avec l&rsquo;eau.\u00a0\u00bb<\/p>\n<p>Les associations donnent aussi l&rsquo;opportunit\u00e9 \u00e0 ces femmes un soutien professionnel, en les aidant par exemple \u00e0 valider, par exemple, le permis de conduire ou des dipl\u00f4mes de monitrice sportive. Certaines d&rsquo;entre elles finissent m\u00eame par encadrer les nouvelles adh\u00e9rentes pendant les activit\u00e9s. Cette initiative, plac\u00e9e sous le signe de l&rsquo;inclusion, de la sant\u00e9 et de la confiance en soi, offre une r\u00e9elle opportunit\u00e9 \u00e0 ces femmes de se reconstruire et se remobiliser, sans pression sociale.<\/p>\n","protected":false},"excerpt":{"rendered":"C&rsquo;est la deuxi\u00e8me ann\u00e9e que le CNM s&rsquo;engage dans ce programme cr\u00e9\u00e9 en 2021 par l&rsquo;UCPA et l&rsquo;association&hellip;\n","protected":false},"author":2,"featured_media":61261,"comment_status":"","ping_status":"","sticky":false,"template":"","format":"standard","meta":{"footnotes":""},"categories":[2814],"tags":[17,1111,11,15902,10009,1777,674,5729,1011,27,884,12,471,882,15903,25,3242,60],"class_list":{"0":"post-61260","1":"post","2":"type-post","3":"status-publish","4":"format-standard","5":"has-post-thumbnail","7":"category-marseille","8":"tag-17","9":"tag-actu","10":"tag-actualites","11":"tag-cnm","12":"tag-destination","13":"tag-eu","14":"tag-europe","15":"tag-fin","16":"tag-fr","17":"tag-france","18":"tag-marseille","19":"tag-news","20":"tag-pour","21":"tag-provence-alpes-cote-dazur","22":"tag-quadrathlon","23":"tag-republique-francaise","24":"tag-saison","25":"tag-sports"},"share_on_mastodon":{"url":"https:\/\/pubeurope.com\/@fr\/114420138878257595","error":""},"_links":{"self":[{"href":"https:\/\/www.europesays.com\/fr\/wp-json\/wp\/v2\/posts\/61260","targetHints":{"allow":["GET"]}}],"collection":[{"href":"https:\/\/www.europesays.com\/fr\/wp-json\/wp\/v2\/posts"}],"about":[{"href":"https:\/\/www.europesays.com\/fr\/wp-json\/wp\/v2\/types\/post"}],"author":[{"embeddable":true,"href":"https:\/\/www.europesays.com\/fr\/wp-json\/wp\/v2\/users\/2"}],"replies":[{"embeddable":true,"href":"https:\/\/www.europesays.com\/fr\/wp-json\/wp\/v2\/comments?post=61260"}],"version-history":[{"count":0,"href":"https:\/\/www.europesays.com\/fr\/wp-json\/wp\/v2\/posts\/61260\/revisions"}],"wp:featuredmedia":[{"embeddable":true,"href":"https:\/\/www.europesays.com\/fr\/wp-json\/wp\/v2\/media\/61261"}],"wp:attachment":[{"href":"https:\/\/www.europesays.com\/fr\/wp-json\/wp\/v2\/media?parent=61260"}],"wp:term":[{"taxonomy":"category","embeddable":true,"href":"https:\/\/www.europesays.com\/fr\/wp-json\/wp\/v2\/categories?post=61260"},{"taxonomy":"post_tag","embeddable":true,"href":"https:\/\/www.europesays.com\/fr\/wp-json\/wp\/v2\/tags?post=61260"}],"curies":[{"name":"wp","href":"https:\/\/api.w.org\/{rel}","templated":true}]}}