{"id":612609,"date":"2025-12-20T22:49:15","date_gmt":"2025-12-20T22:49:15","guid":{"rendered":"https:\/\/www.europesays.com\/fr\/612609\/"},"modified":"2025-12-20T22:49:15","modified_gmt":"2025-12-20T22:49:15","slug":"cyclo-cross-van-der-poel-regrette-ses-erreurs-van-aert-ses-crevaisons-sports","status":"publish","type":"post","link":"https:\/\/www.europesays.com\/fr\/612609\/","title":{"rendered":"Cyclo-cross : Van der Poel regrette ses erreurs, Van Aert ses crevaisons : Sports"},"content":{"rendered":"<p class=\"date\">\n                                                            Mathieu Warnier, Media365, publi\u00e9 le samedi 20 d\u00e9cembre 2025 \u00e0 19h20\n                                                    <\/p>\n<p>Mathieu van der Poel a soulign\u00e9 qu&rsquo;il n&rsquo;avait pas fait la course parfaite apr\u00e8s sa victoire ce samedi \u00e0 Anvers. Wout Van Aert, quant \u00e0 lui, a regrett\u00e9 les crevaisons ne lui ayant pas permis de jouer les premiers r\u00f4les.<\/p>\n<p>Mathieu van der Poel n&rsquo;\u00e9tait pas totalement heureux. Vainqueur ce samedi \u00e0 Anvers pour la deuxi\u00e8me fois en deux courses de cyclo-cross cet hiver au terme d&rsquo;un long cavalier seul, le septuple champion du monde a regrett\u00e9 d&rsquo;avoir \u00ab\u00a0commis quelques erreurs dans les longues sections\u00a0\u00bb. N\u00e9anmoins, le petit-fils de Raymond Poulidor a assur\u00e9 s&rsquo;\u00eatre senti \u00ab\u00a0mieux que la semaine derni\u00e8re\u00a0\u00bb \u00e0 Namur pour sa reprise et ce malgr\u00e9 une course marqu\u00e9e par une crevaison dans l&rsquo;avant-dernier tour qui lui a fait perdre la moiti\u00e9 de son avance sur Laurens Sweeck. \u00ab\u00a0Les jambes r\u00e9pondaient mieux\u00a0\u00bb, a ajout\u00e9 le chef de file de l&rsquo;\u00e9quipe Alpecin-Deceuninck dans des propos relay\u00e9s par le site sp\u00e9cialis\u00e9 Cyclism&rsquo;Actu.<\/p>\n<p>Van der Poel : \u00ab\u00a0Content de gagner \u00e0 nouveau\u00a0\u00bb<\/p>\n<p>\u00ab\u00a0Le parcours est compl\u00e8tement diff\u00e9rent, mais j&rsquo;ai senti cette semaine que j&rsquo;\u00e9tais plus frais qu&rsquo;avant Namur, a-t-il ajout\u00e9. Je suis content de gagner \u00e0 nouveau.\u00a0\u00bb Une course qui a \u00e9galement marqu\u00e9 le retour \u00e0 comp\u00e9tition pour Wout Van Aert. S&rsquo;il a p\u00e2ti d&rsquo;une position de d\u00e9part peu favorable comme Mathieu van der Poel, le coureur de l&rsquo;\u00e9quipe Visma-Lease a Bike a essay\u00e9 de faire fi des crevaisons mais sans parvenir \u00e0 accrocher le podium devant son public. \u00ab\u00a0Ce sport est toujours aussi dur, a-t-il affirm\u00e9 dans des propos rapport\u00e9s par Cyclism&rsquo;Actu. J&rsquo;ai souffert d\u00e8s la premi\u00e8re minute.\u00a0\u00bb Admettant avoir \u00e9t\u00e9 \u00ab\u00a0dans la lutte pour le podium\u00a0\u00bb apr\u00e8s cinq des neuf tous au programme, Wout Van Aert a des regrets.<\/p>\n<p>Van Aert regrette \u00ab\u00a0un moment d&rsquo;inattention\u00a0\u00bb<\/p>\n<p>\u00ab Une crevaison a ruin\u00e9 ce r\u00e9sultat \u00bb, a-t-il lanc\u00e9 avant d&rsquo;assurer que \u00ab malgr\u00e9 tout, le ressenti est bon \u00bb apr\u00e8s cette premi\u00e8re heure de comp\u00e9tition de l&rsquo;hiver, lui qui doit prendre part \u00e0 cinq courses face \u00e0 Mathieu van der Poel avant de se focaliser sur la pr\u00e9paration de sa saison sur route. Toutefois, le rendez-vous d&rsquo;Anvers ne s&rsquo;est pas achev\u00e9 de la meilleure des mani\u00e8res avec une derni\u00e8re crevaison en toute fin de course. \u00ab Juste apr\u00e8s la premi\u00e8re zone de ravitaillement, il y avait plusieurs passages pi\u00e9geux propices aux crevaisons, a confi\u00e9 Wout Van Aert. Un moment d&rsquo;inattention, j&rsquo;ai cogn\u00e9 la roue avant et elle s&rsquo;est imm\u00e9diatement d\u00e9gonfl\u00e9e. \u00bb Les deux coureurs vont pouvoir se remettre de leurs \u00e9motions avant de reprendre leur duel d\u00e8s ce lundi \u00e0 Hofstade.<\/p>\n","protected":false},"excerpt":{"rendered":"Mathieu Warnier, Media365, publi\u00e9 le samedi 20 d\u00e9cembre 2025 \u00e0 19h20 Mathieu van der Poel a soulign\u00e9 qu&rsquo;il&hellip;\n","protected":false},"author":2,"featured_media":612610,"comment_status":"","ping_status":"","sticky":false,"template":"","format":"standard","meta":{"footnotes":""},"categories":[1411],"tags":[1154,207,1011,27,60],"class_list":{"0":"post-612609","1":"post","2":"type-post","3":"status-publish","4":"format-standard","5":"has-post-thumbnail","7":"category-cyclisme","8":"tag-cycling","9":"tag-cyclisme","10":"tag-fr","11":"tag-france","12":"tag-sports"},"share_on_mastodon":{"url":"https:\/\/pubeurope.com\/@fr\/115754340457954300","error":""},"_links":{"self":[{"href":"https:\/\/www.europesays.com\/fr\/wp-json\/wp\/v2\/posts\/612609","targetHints":{"allow":["GET"]}}],"collection":[{"href":"https:\/\/www.europesays.com\/fr\/wp-json\/wp\/v2\/posts"}],"about":[{"href":"https:\/\/www.europesays.com\/fr\/wp-json\/wp\/v2\/types\/post"}],"author":[{"embeddable":true,"href":"https:\/\/www.europesays.com\/fr\/wp-json\/wp\/v2\/users\/2"}],"replies":[{"embeddable":true,"href":"https:\/\/www.europesays.com\/fr\/wp-json\/wp\/v2\/comments?post=612609"}],"version-history":[{"count":0,"href":"https:\/\/www.europesays.com\/fr\/wp-json\/wp\/v2\/posts\/612609\/revisions"}],"wp:featuredmedia":[{"embeddable":true,"href":"https:\/\/www.europesays.com\/fr\/wp-json\/wp\/v2\/media\/612610"}],"wp:attachment":[{"href":"https:\/\/www.europesays.com\/fr\/wp-json\/wp\/v2\/media?parent=612609"}],"wp:term":[{"taxonomy":"category","embeddable":true,"href":"https:\/\/www.europesays.com\/fr\/wp-json\/wp\/v2\/categories?post=612609"},{"taxonomy":"post_tag","embeddable":true,"href":"https:\/\/www.europesays.com\/fr\/wp-json\/wp\/v2\/tags?post=612609"}],"curies":[{"name":"wp","href":"https:\/\/api.w.org\/{rel}","templated":true}]}}