{"id":612614,"date":"2025-12-20T22:52:41","date_gmt":"2025-12-20T22:52:41","guid":{"rendered":"https:\/\/www.europesays.com\/fr\/612614\/"},"modified":"2025-12-20T22:52:41","modified_gmt":"2025-12-20T22:52:41","slug":"albi-olga-astorg-et-agnes-leclercq-exposent-a-la-galerie-g3a","status":"publish","type":"post","link":"https:\/\/www.europesays.com\/fr\/612614\/","title":{"rendered":"Albi. Olga Astorg et Agn\u00e8s Leclercq exposent \u00e0 la galerie G3A"},"content":{"rendered":"<p>Olga Astorg et Agn\u00e8s Leclercq exposent \u00e0 la galerie G3A, au 10 rue du Castelviel jusqu\u2019au 31 d\u00e9cembre. Le vernissage se tiendra le samedi 20 d\u00e9cembre \u00e0 18 heures. Une exposition \u00e0 ne pas manquer.<\/p>\n<p>Iconographe et peintre russe, Olga Astorg-Zayakina est dipl\u00f4m\u00e9e de l\u2019Acad\u00e9mie des Beaux-Arts de Saint-P\u00e9tersbourg. Form\u00e9e \u00e0 l\u2019art monumental, elle a notamment r\u00e9alis\u00e9 les d\u00e9cors de plusieurs ballets dont \u00ab\u00a0Casse-noisette\u00a0\u00bb et \u00ab\u00a0Le lac des cygnes\u00a0\u00bb pour le th\u00e9\u00e2tre de la Scala de Milan, le Bolcho\u00ef \u00e0 Moscou, ainsi que pour le th\u00e9\u00e2tre Imperial Mikha\u00eflovsky et le th\u00e9\u00e2tre Mariinsky \u00e0 Saint-Petersbourg. Elle a restaur\u00e9 une \u00e9glise orthodoxe \u00e0 Saint-Petersbourg. Devenue iconographe apr\u00e8s s\u2019\u00eatre form\u00e9e avec un pr\u00eatre orthodoxe, Olga Astorg a re\u00e7u l\u2019autorisation \u00ab\u00a0d\u2019\u00e9crire\u00a0\u00bb les ic\u00f4nes. Elle donne des conf\u00e9rences sur l\u2019art byzantin \u00e0 l\u2019universit\u00e9 pour tous \u00e0 Albi. Les ic\u00f4nes expos\u00e9es sont rares et uniques. Comme envelopp\u00e9es par la magie de No\u00ebl.<\/p>\n<p>Photographe, Agn\u00e8s Leclercq a commenc\u00e9 \u00e0 pr\u00e9senter au public ses \u0153uvres en 2005, notamment sur le th\u00e8me de l\u2019a\u00e9ronautique. En 2009, elle amorce une recherche sur la citation de courants de peinture par la photographie qui aboutit aux s\u00e9ries \u00ab\u00a0Abstractions\u00a0\u00bb, \u00ab\u00a0Pointillisme \u00ab\u00a0et \u00ab\u00a0Miroir aux silhouettes\u00a0\u00bb. Les photos pr\u00e9sent\u00e9es \u00e0 la galerie sont \u00e0 la fois lumineuses, abstraites et modernes. Elles montrent la vie des p\u00e8lerins \u00e0 Lourdes. Des \u0153uvres sensibles et touchantes qui captent nos regards.<\/p>\n","protected":false},"excerpt":{"rendered":"Olga Astorg et Agn\u00e8s Leclercq exposent \u00e0 la galerie G3A, au 10 rue du Castelviel jusqu\u2019au 31 d\u00e9cembre.&hellip;\n","protected":false},"author":2,"featured_media":612615,"comment_status":"","ping_status":"","sticky":false,"template":"","format":"standard","meta":{"footnotes":""},"categories":[1358],"tags":[7296,1348,1384,1385,872,1386,58,59,1349,1011,27,8412],"class_list":{"0":"post-612614","1":"post","2":"type-post","3":"status-publish","4":"format-standard","5":"has-post-thumbnail","7":"category-arts-et-design","8":"tag-albi","9":"tag-arts","10":"tag-arts-and-design","11":"tag-arts-et-design","12":"tag-culture-et-loisirs","13":"tag-design","14":"tag-divertissement","15":"tag-entertainment","16":"tag-expositions","17":"tag-fr","18":"tag-france","19":"tag-tarn"},"share_on_mastodon":{"url":"https:\/\/pubeurope.com\/@fr\/115754352183415279","error":""},"_links":{"self":[{"href":"https:\/\/www.europesays.com\/fr\/wp-json\/wp\/v2\/posts\/612614","targetHints":{"allow":["GET"]}}],"collection":[{"href":"https:\/\/www.europesays.com\/fr\/wp-json\/wp\/v2\/posts"}],"about":[{"href":"https:\/\/www.europesays.com\/fr\/wp-json\/wp\/v2\/types\/post"}],"author":[{"embeddable":true,"href":"https:\/\/www.europesays.com\/fr\/wp-json\/wp\/v2\/users\/2"}],"replies":[{"embeddable":true,"href":"https:\/\/www.europesays.com\/fr\/wp-json\/wp\/v2\/comments?post=612614"}],"version-history":[{"count":0,"href":"https:\/\/www.europesays.com\/fr\/wp-json\/wp\/v2\/posts\/612614\/revisions"}],"wp:featuredmedia":[{"embeddable":true,"href":"https:\/\/www.europesays.com\/fr\/wp-json\/wp\/v2\/media\/612615"}],"wp:attachment":[{"href":"https:\/\/www.europesays.com\/fr\/wp-json\/wp\/v2\/media?parent=612614"}],"wp:term":[{"taxonomy":"category","embeddable":true,"href":"https:\/\/www.europesays.com\/fr\/wp-json\/wp\/v2\/categories?post=612614"},{"taxonomy":"post_tag","embeddable":true,"href":"https:\/\/www.europesays.com\/fr\/wp-json\/wp\/v2\/tags?post=612614"}],"curies":[{"name":"wp","href":"https:\/\/api.w.org\/{rel}","templated":true}]}}