{"id":612616,"date":"2025-12-20T22:54:13","date_gmt":"2025-12-20T22:54:13","guid":{"rendered":"https:\/\/www.europesays.com\/fr\/612616\/"},"modified":"2025-12-20T22:54:13","modified_gmt":"2025-12-20T22:54:13","slug":"il-y-a-28-ans-seinfeld-lancait-une-fete-inedite-inspiree-dune-histoire-vraie","status":"publish","type":"post","link":"https:\/\/www.europesays.com\/fr\/612616\/","title":{"rendered":"Il y a 28 ans, Seinfeld lan\u00e7ait une f\u00eate in\u00e9dite inspir\u00e9e d\u2019une histoire vraie"},"content":{"rendered":"<p class=\"chapo\">Il y a 28 ans, la s\u00e9rie Seinfeld a introduit au grand public une f\u00eate atypique, inspir\u00e9e d\u2019une exp\u00e9rience v\u00e9cue par l\u2019un de ses sc\u00e9naristes. Cet \u00e9pisode a transform\u00e9 ce concept original en ph\u00e9nom\u00e8ne culturel, toujours c\u00e9l\u00e9br\u00e9 aujourd\u2019hui.<\/p>\n<p>Tl;dr<\/p>\n<ul>\n<li>Festivus, f\u00eate invent\u00e9e, popularis\u00e9e par <strong>Seinfeld<\/strong>.<\/li>\n<li>L\u2019origine r\u00e9elle vient de la famille O\u2019Keefe.<\/li>\n<li>Devient un ph\u00e9nom\u00e8ne culturel c\u00e9l\u00e9br\u00e9 chaque ann\u00e9e.<\/li>\n<\/ul>\n<p>Quand Seinfeld r\u00e9invente la f\u00eate de fin d\u2019ann\u00e9e<\/p>\n<p>Loin des \u00e9pisodes traditionnels de No\u00ebl o\u00f9 l\u2019on attend une morale ou un rapprochement familial, la s\u00e9rie culte <a href=\"https:\/\/www.begeek.fr\/un-episode-culte-de-seinfeld-a-lorigine-dun-des-plus-grands-succes-tele-realite-de-netflix-421114\" target=\"_blank\" rel=\"noopener\"><strong>Seinfeld<\/strong><\/a> a surpris en proposant dans sa neuvi\u00e8me saison une toute autre approche : l\u2019invention de <strong>Festivus<\/strong>. Pr\u00e9sent\u00e9e pour la premi\u00e8re fois dans l\u2019\u00e9pisode \u00ab The Strike \u00bb, diffus\u00e9 le 18 d\u00e9cembre 1997, cette f\u00eate alternative \u2014 imagin\u00e9e par Frank Costanza, le p\u00e8re fantasque de George \u2014 incarne \u00e0 merveille l\u2019humour d\u00e9cal\u00e9 et parfois absurde du show.<\/p>\n<p>L\u2019histoire vraie derri\u00e8re Festivus<\/p>\n<p>Il serait tentant de croire que ce concept loufoque n\u2019est qu\u2019une cr\u00e9ation sc\u00e9naristique. Pourtant, \u00e0 l\u2019image de plusieurs intrigues m\u00e9morables du programme, Festivus tire son origine d\u2019une histoire authentique. C\u2019est dans la famille de Daniel O\u2019Keefe, p\u00e8re du sc\u00e9nariste Dan O\u2019Keefe, qu\u2019a germ\u00e9 l\u2019id\u00e9e : initialement, Festivus servait \u00e0 marquer l\u2019anniversaire du premier rendez-vous du couple O\u2019Keefe. L\u2019h\u00e9sitation du fils \u00e0 adapter cette tradition personnelle \u00e0 la t\u00e9l\u00e9vision fut finalement balay\u00e9e par l\u2019insistance des autres membres de l\u2019\u00e9quipe.<\/p>\n<p>Entre fiction et r\u00e9alit\u00e9\u202f: adaptations et libert\u00e9s cr\u00e9atives<\/p>\n<p>\u00c9videmment, le Festivus t\u00e9l\u00e9visuel diff\u00e8re sensiblement des v\u00e9ritables festivit\u00e9s familiales. Parmi les ajustements marquants figure le fameux poteau m\u00e9tallique, substitut du sapin de No\u00ebl chez les Costanza \u2014 alors que les O\u2019Keefe pr\u00e9f\u00e9raient\u2026 clouer une horloge enferm\u00e9e dans un sac sur le mur ! Autre diff\u00e9rence notable\u202f: si dans la s\u00e9rie Festivus tombe syst\u00e9matiquement le 23 d\u00e9cembre, la date fluctuait selon le bon vouloir du patriarche O\u2019Keefe. Toutefois, quelques \u00e9l\u00e9ments authentiques subsistent\u202f:<\/p>\n<ul>\n<li><strong>Airing of Grievances<\/strong>\u202f: moment consacr\u00e9 aux dol\u00e9ances familiales (via magn\u00e9tophone chez les O\u2019Keefe)\u202f;<\/li>\n<li><strong>Feats of Strength<\/strong>\u202f: tradition de lutte entre enfants revisit\u00e9e dans la s\u00e9rie.<\/li>\n<\/ul>\n<p>L\u2019h\u00e9ritage inattendu d\u2019un gag devenu culte<\/p>\n<p>En quelques ann\u00e9es seulement, cette f\u00eate improbable s\u2019est impos\u00e9e comme une v\u00e9ritable r\u00e9f\u00e9rence culturelle. De nombreux fans c\u00e9l\u00e8brent d\u00e9sormais Festivus chaque ann\u00e9e\u202f; certains groupes ou marques comme Ben &amp; Jerry\u2019s ont m\u00eame surf\u00e9 sur cet engouement en cr\u00e9ant une glace d\u00e9di\u00e9e. La diffusion mondiale de <strong>Seinfeld<\/strong> a permis \u00e0 cette invention familiale d\u2019acc\u00e9der au statut de ph\u00e9nom\u00e8ne collectif. Quant au principal int\u00e9ress\u00e9, Daniel O\u2019Keefe, il a fini par accepter avec humour et fiert\u00e9 que son id\u00e9e singuli\u00e8re r\u00e9sonne d\u00e9sormais chaque 23 d\u00e9cembre.<\/p>\n<p>Bref, qui aurait cru qu\u2019un simple \u00ab anti-<a href=\"https:\/\/www.begeek.fr\/5-films-daction-de-noel-dans-le-meme-style-que-red-one-407326\" target=\"_blank\" rel=\"noopener\">No\u00ebl<\/a> \u00bb deviendrait un incontournable des conversations festives ?<\/p>\n","protected":false},"excerpt":{"rendered":"Il y a 28 ans, la s\u00e9rie Seinfeld a introduit au grand public une f\u00eate atypique, inspir\u00e9e d\u2019une&hellip;\n","protected":false},"author":2,"featured_media":612617,"comment_status":"","ping_status":"","sticky":false,"template":"","format":"standard","meta":{"footnotes":""},"categories":[1356],"tags":[58,59,1011,27,252,1364],"class_list":{"0":"post-612616","1":"post","2":"type-post","3":"status-publish","4":"format-standard","5":"has-post-thumbnail","7":"category-television","8":"tag-divertissement","9":"tag-entertainment","10":"tag-fr","11":"tag-france","12":"tag-television","13":"tag-tv"},"share_on_mastodon":{"url":"https:\/\/pubeurope.com\/@fr\/115754360330211720","error":""},"_links":{"self":[{"href":"https:\/\/www.europesays.com\/fr\/wp-json\/wp\/v2\/posts\/612616","targetHints":{"allow":["GET"]}}],"collection":[{"href":"https:\/\/www.europesays.com\/fr\/wp-json\/wp\/v2\/posts"}],"about":[{"href":"https:\/\/www.europesays.com\/fr\/wp-json\/wp\/v2\/types\/post"}],"author":[{"embeddable":true,"href":"https:\/\/www.europesays.com\/fr\/wp-json\/wp\/v2\/users\/2"}],"replies":[{"embeddable":true,"href":"https:\/\/www.europesays.com\/fr\/wp-json\/wp\/v2\/comments?post=612616"}],"version-history":[{"count":0,"href":"https:\/\/www.europesays.com\/fr\/wp-json\/wp\/v2\/posts\/612616\/revisions"}],"wp:featuredmedia":[{"embeddable":true,"href":"https:\/\/www.europesays.com\/fr\/wp-json\/wp\/v2\/media\/612617"}],"wp:attachment":[{"href":"https:\/\/www.europesays.com\/fr\/wp-json\/wp\/v2\/media?parent=612616"}],"wp:term":[{"taxonomy":"category","embeddable":true,"href":"https:\/\/www.europesays.com\/fr\/wp-json\/wp\/v2\/categories?post=612616"},{"taxonomy":"post_tag","embeddable":true,"href":"https:\/\/www.europesays.com\/fr\/wp-json\/wp\/v2\/tags?post=612616"}],"curies":[{"name":"wp","href":"https:\/\/api.w.org\/{rel}","templated":true}]}}