{"id":61262,"date":"2025-04-29T07:45:08","date_gmt":"2025-04-29T07:45:08","guid":{"rendered":"https:\/\/www.europesays.com\/fr\/61262\/"},"modified":"2025-04-29T07:45:08","modified_gmt":"2025-04-29T07:45:08","slug":"le-journalisme-de-demain-en-debat-a-marseille-lors-des-assises-mediterraneennes-du-journalisme","status":"publish","type":"post","link":"https:\/\/www.europesays.com\/fr\/61262\/","title":{"rendered":"Le journalisme de demain en d\u00e9bat \u00e0 Marseille lors des Assises M\u00e9diterran\u00e9ennes du Journalisme"},"content":{"rendered":"<p>\u00ab\u00a0Nous croyons fondamentalement \u00e0 ce que nous faisons, \u00e0 ce que nous sommes\u00a0\u00bb, ce sont par ces mots, r\u00e9p\u00e9t\u00e9s, qu&rsquo;Anthony Samrani, co-r\u00e9dacteur en chef de L&rsquo;Orient Le Jour a re\u00e7u la m\u00e9daille d&rsquo;honneur de la ville de Marseille des mains de Beno\u00eet Payan hier soir au Mucem. C&rsquo;est toute la r\u00e9daction de ce journal renomm\u00e9, seul quotidien francophone au Moyen-Orient, qui \u00e9tait ainsi d\u00e9cor\u00e9e pour son travail et son engagement centenaire. Un travail qui exige un engagement de chaque instant, comme l&rsquo;a rappel\u00e9 Anthony Samrani. La veille, une frappe isra\u00e9lienne a encore touch\u00e9 la banlieue sud de Beyrouth.<\/p>\n","protected":false},"excerpt":{"rendered":"\u00ab\u00a0Nous croyons fondamentalement \u00e0 ce que nous faisons, \u00e0 ce que nous sommes\u00a0\u00bb, ce sont par ces mots,&hellip;\n","protected":false},"author":2,"featured_media":61263,"comment_status":"","ping_status":"","sticky":false,"template":"","format":"standard","meta":{"footnotes":""},"categories":[2814],"tags":[17,1111,11,14584,1292,12351,154,1777,674,1011,27,9877,7826,884,12,882,16,25],"class_list":{"0":"post-61262","1":"post","2":"type-post","3":"status-publish","4":"format-standard","5":"has-post-thumbnail","7":"category-marseille","8":"tag-17","9":"tag-actu","10":"tag-actualites","11":"tag-assises","12":"tag-debat","13":"tag-demain","14":"tag-des","15":"tag-eu","16":"tag-europe","17":"tag-fr","18":"tag-france","19":"tag-journalisme","20":"tag-lors","21":"tag-marseille","22":"tag-news","23":"tag-provence-alpes-cote-dazur","24":"tag-region","25":"tag-republique-francaise"},"share_on_mastodon":{"url":"https:\/\/pubeurope.com\/@fr\/114420142796336556","error":""},"_links":{"self":[{"href":"https:\/\/www.europesays.com\/fr\/wp-json\/wp\/v2\/posts\/61262","targetHints":{"allow":["GET"]}}],"collection":[{"href":"https:\/\/www.europesays.com\/fr\/wp-json\/wp\/v2\/posts"}],"about":[{"href":"https:\/\/www.europesays.com\/fr\/wp-json\/wp\/v2\/types\/post"}],"author":[{"embeddable":true,"href":"https:\/\/www.europesays.com\/fr\/wp-json\/wp\/v2\/users\/2"}],"replies":[{"embeddable":true,"href":"https:\/\/www.europesays.com\/fr\/wp-json\/wp\/v2\/comments?post=61262"}],"version-history":[{"count":0,"href":"https:\/\/www.europesays.com\/fr\/wp-json\/wp\/v2\/posts\/61262\/revisions"}],"wp:featuredmedia":[{"embeddable":true,"href":"https:\/\/www.europesays.com\/fr\/wp-json\/wp\/v2\/media\/61263"}],"wp:attachment":[{"href":"https:\/\/www.europesays.com\/fr\/wp-json\/wp\/v2\/media?parent=61262"}],"wp:term":[{"taxonomy":"category","embeddable":true,"href":"https:\/\/www.europesays.com\/fr\/wp-json\/wp\/v2\/categories?post=61262"},{"taxonomy":"post_tag","embeddable":true,"href":"https:\/\/www.europesays.com\/fr\/wp-json\/wp\/v2\/tags?post=61262"}],"curies":[{"name":"wp","href":"https:\/\/api.w.org\/{rel}","templated":true}]}}