{"id":612626,"date":"2025-12-20T22:59:11","date_gmt":"2025-12-20T22:59:11","guid":{"rendered":"https:\/\/www.europesays.com\/fr\/612626\/"},"modified":"2025-12-20T22:59:11","modified_gmt":"2025-12-20T22:59:11","slug":"carla-bruni-annonce-quelle-arrete-son-traitement-contre-le-cancer","status":"publish","type":"post","link":"https:\/\/www.europesays.com\/fr\/612626\/","title":{"rendered":"Carla Bruni annonce qu\u2019elle arr\u00eate son traitement contre le cancer"},"content":{"rendered":"<p>\n                                                                    l&rsquo;essentiel<br \/>\n                                                                La chanteuse Carla Bruni a annonc\u00e9 avoir termin\u00e9 son hormonoth\u00e9rapie, cinq ans apr\u00e8s avoir \u00e9t\u00e9 diagnostiqu\u00e9e d\u2019un cancer du sein. Elle a profit\u00e9 de cette prise de parole pour rappeler l\u2019importance du d\u00e9pistage annuel aupr\u00e8s des femmes.\n                            <\/p>\n<p>Cinq ann\u00e9es \u00e9prouvantes. La chanteuse Carla Bruni a annonc\u00e9 samedi, sur son compte Instagram, avoir achev\u00e9 son hormonoth\u00e9rapie, traitement qu\u2019elle suivait depuis un diagnostic de cancer du sein pos\u00e9 fin 2019. Une \u00e9tape importante qu\u2019elle a souhait\u00e9 partager publiquement, tout en renouvelant son message de pr\u00e9vention.<\/p>\n<p class=\"std-elt__inline\">\n        <strong>\u00c0 lire aussi :<\/strong><br \/>\n        <a href=\"https:\/\/www.ladepeche.fr\/2023\/10\/04\/video-faites-vos-mammographies-il-en-va-de-votre-vie-carla-bruni-devoile-quelle-a-eu-un-cancer-du-sein-et-appelle-au-depistage-11496415.php\" target=\"_blank\" rel=\"noopener\">VIDEO. \u00ab\u00a0Faites vos mammographies, il en va de votre vie\u00a0\u00bb&#8230; Carla Bruni d\u00e9voile qu&rsquo;elle a eu un cancer du sein et appelle au d\u00e9pistage<\/a>\n    <\/p>\n<p>\u00ab\u00a0Malgr\u00e9 ses effets secondaires assez agressifs je suis reconnaissante \u00e0 la science d\u2019avoir invent\u00e9 l\u2019hormonoth\u00e9rapie\u00a0: cela prot\u00e8ge efficacement de la rechute qui est fr\u00e9quente dans les ann\u00e9es qui suivent le diagnostic\u00a0\u00bb, a-t-elle \u00e9crit. Ce traitement m\u00e9dical, largement utilis\u00e9 en canc\u00e9rologie, lui a \u00e9t\u00e9 prescrit pendant cinq ans.<\/p>\n<blockquote data-instgrm-captioned=\"\" data-instgrm-permalink=\"https:\/\/www.instagram.com\/p\/DSfSvmojrhJ\/?utm_source=ig_embed&amp;utm_campaign=loading\" data-instgrm-version=\"14\" style=\" background:#FFF; border:0; border-radius:3px; box-shadow:0 0 1px 0 rgba(0,0,0,0.5),0 1px 10px 0 rgba(0,0,0,0.15); margin: 1px; max-width:540px; min-width:326px; padding:0; width:99.375%; width:-webkit-calc(100% - 2px); width:calc(100% - 2px);\" data-class=\"instagram-media\"\/>\n<p>\u00ab\u00a0Ne pas h\u00e9siter \u00e0 se faire d\u00e9pister\u00a0\u00bb<\/p>\n<p><a href=\"https:\/\/www.ladepeche.fr\/divertissement\/people\/carla-bruni-sarkozy\/\" target=\"_blank\" rel=\"noopener\">L\u2019ex-Premi\u00e8re dame<\/a>, \u00e9pouse de Nicolas Sarkozy, avait r\u00e9v\u00e9l\u00e9 d\u00e9but octobre\u00a02023 \u00eatre atteinte d\u2019un cancer du sein depuis quatre ans. Dans son message, elle s\u2019adresse directement aux femmes. \u00ab\u00a0Je veux dire encore une fois \u00e0 toutes les femmes qui liront ce post de ne pas h\u00e9siter \u00e0 faire leur d\u00e9pistage chaque ann\u00e9e si possible\u00a0\u00bb, insiste-t-elle, tout en saluant la \u00ab\u00a0comp\u00e9tence\u00a0\u00bb et l\u2019\u00a0\u00bbhumanit\u00e9\u00a0\u00bb de l\u2019\u00e9quipe m\u00e9dicale qui l\u2019a accompagn\u00e9e durant cette \u00ab\u00a0\u00e9preuve\u00a0\u00bb.<\/p>\n<p>Sur le plan m\u00e9dical, les cancers du sein hormonod\u00e9pendants sont g\u00e9n\u00e9ralement trait\u00e9s par une hormonoth\u00e9rapie destin\u00e9e \u00e0 r\u00e9duire la production d\u2019\u0153strog\u00e8nes, parfois associ\u00e9e \u00e0 des m\u00e9dicaments qui freinent la prolif\u00e9ration des cellules canc\u00e9reuses. Toutefois, chez pr\u00e8s de 40\u00a0% des patientes, une mutation g\u00e9n\u00e9tique peut rendre ce traitement moins efficace et favoriser une rechute.<\/p>\n<p>Les recherches actuelles visent \u00e0 d\u00e9tecter ces mutations le plus t\u00f4t possible dans le sang afin d\u2019adapter les traitements, de les combiner \u00e0 des inhibiteurs du cycle cellulaire et de limiter le risque de r\u00e9-\u00e9volution de la tumeur.<\/p>\n<p>                                                                                                                                                                                                        <script async src=\"\/\/www.instagram.com\/embed.js\"><\/script><\/p>\n","protected":false},"excerpt":{"rendered":"l&rsquo;essentiel La chanteuse Carla Bruni a annonc\u00e9 avoir termin\u00e9 son hormonoth\u00e9rapie, cinq ans apr\u00e8s avoir \u00e9t\u00e9 diagnostiqu\u00e9e d\u2019un&hellip;\n","protected":false},"author":2,"featured_media":612627,"comment_status":"","ping_status":"","sticky":false,"template":"","format":"standard","meta":{"footnotes":""},"categories":[8],"tags":[15511,58,59,1011,27,973],"class_list":{"0":"post-612626","1":"post","2":"type-post","3":"status-publish","4":"format-standard","5":"has-post-thumbnail","7":"category-divertissement","8":"tag-carla-bruni-sarkozy","9":"tag-divertissement","10":"tag-entertainment","11":"tag-fr","12":"tag-france","13":"tag-people"},"share_on_mastodon":{"url":"https:\/\/pubeurope.com\/@fr\/115754379944951107","error":""},"_links":{"self":[{"href":"https:\/\/www.europesays.com\/fr\/wp-json\/wp\/v2\/posts\/612626","targetHints":{"allow":["GET"]}}],"collection":[{"href":"https:\/\/www.europesays.com\/fr\/wp-json\/wp\/v2\/posts"}],"about":[{"href":"https:\/\/www.europesays.com\/fr\/wp-json\/wp\/v2\/types\/post"}],"author":[{"embeddable":true,"href":"https:\/\/www.europesays.com\/fr\/wp-json\/wp\/v2\/users\/2"}],"replies":[{"embeddable":true,"href":"https:\/\/www.europesays.com\/fr\/wp-json\/wp\/v2\/comments?post=612626"}],"version-history":[{"count":0,"href":"https:\/\/www.europesays.com\/fr\/wp-json\/wp\/v2\/posts\/612626\/revisions"}],"wp:featuredmedia":[{"embeddable":true,"href":"https:\/\/www.europesays.com\/fr\/wp-json\/wp\/v2\/media\/612627"}],"wp:attachment":[{"href":"https:\/\/www.europesays.com\/fr\/wp-json\/wp\/v2\/media?parent=612626"}],"wp:term":[{"taxonomy":"category","embeddable":true,"href":"https:\/\/www.europesays.com\/fr\/wp-json\/wp\/v2\/categories?post=612626"},{"taxonomy":"post_tag","embeddable":true,"href":"https:\/\/www.europesays.com\/fr\/wp-json\/wp\/v2\/tags?post=612626"}],"curies":[{"name":"wp","href":"https:\/\/api.w.org\/{rel}","templated":true}]}}