{"id":612630,"date":"2025-12-20T23:01:15","date_gmt":"2025-12-20T23:01:15","guid":{"rendered":"https:\/\/www.europesays.com\/fr\/612630\/"},"modified":"2025-12-20T23:01:15","modified_gmt":"2025-12-20T23:01:15","slug":"un-vol-air-france-paris-ajaccio-deroute-en-urgence-vers-lyon","status":"publish","type":"post","link":"https:\/\/www.europesays.com\/fr\/612630\/","title":{"rendered":"un vol Air-France Paris-Ajaccio d\u00e9rout\u00e9 en urgence vers Lyon"},"content":{"rendered":"<p>Les passagers \u00e9voquent un incendie lorsque la compagnie confirme un \u00ab\u00a0incident\u00a0\u00bb, sans plus de d\u00e9tails. Le vol Air France parti de Paris et devant atterrir \u00e0 Ajaccio ce samedi 20 d\u00e9cembre, \u00e0 18 h 50, a d\u00fb \u00eatre d\u00e9rout\u00e9 en urgence vers Lyon. L&rsquo;appareil a touch\u00e9 le sol sans d\u00e9plorer de bless\u00e9, mais c&rsquo;est bien la peur qui a saisi les passagers et le personnel navigant. Selon des t\u00e9moignages, un feu aurait touch\u00e9 l&rsquo;un des moteurs de l&rsquo;avion, contraignant son pilote \u00e0 atterrir imm\u00e9diatement.<\/p>\n<p>\u00ab\u00a0Un p\u00e8re de famille serrait ses enfants\u00a0\u00bb<\/p>\n<p>\u00ab\u00a0Ils ont demand\u00e9 de se pr\u00e9parer \u00e0 un atterrissage dangereux, raconte un passager, et de nous saisir du manuel d&rsquo;atterrissage d&rsquo;urgence. Un p\u00e8re de famille \u00e9tait en pleurs, il serrait ses enfants, c&rsquo;\u00e9tait atroce. \u00c0 notre arriv\u00e9e, il y avait les pompiers sur la piste.\u00a0\u00bb<\/p>\n<p>Sont \u00e9voqu\u00e9s \u00e9galement \u00ab\u00a0un bruit avec un tremblement dans l&rsquo;avion et une perte de vitesse de l&rsquo;appareil\u00a0\u00bb.<\/p>\n<p>De son c\u00f4t\u00e9, la communication d&rsquo;Air France n&rsquo;a pas donn\u00e9 de d\u00e9tails mais confirme bien un \u00ab\u00a0incident technique qui a contraint \u00e0 un atterrissage pr\u00e9matur\u00e9 \u00e0 Lyon pour des raisons de s\u00e9curit\u00e9\u00a0\u00bb.<\/p>\n<p>La compagnie ajoute que les passagers vont \u00eatre embarqu\u00e9s \u00e0 bord d&rsquo;un autre avion depuis Lyon \u00e0 destination de Bastia, avant d&rsquo;\u00eatre achemin\u00e9s vers Ajaccio en bus.<\/p>\n","protected":false},"excerpt":{"rendered":"Les passagers \u00e9voquent un incendie lorsque la compagnie confirme un \u00ab\u00a0incident\u00a0\u00bb, sans plus de d\u00e9tails. Le vol Air&hellip;\n","protected":false},"author":2,"featured_media":612631,"comment_status":"","ping_status":"","sticky":false,"template":"","format":"standard","meta":{"footnotes":""},"categories":[6],"tags":[930,17,1816,35,33,34,8485,274,1312,1011,27,5207,72355,1175],"class_list":{"0":"post-612630","1":"post","2":"type-post","3":"status-publish","4":"format-standard","5":"has-post-thumbnail","7":"category-economie","8":"tag-le","9":"tag-17","10":"tag-air-france","11":"tag-business","12":"tag-economie","13":"tag-economy","14":"tag-etait","15":"tag-faits-divers-justice","16":"tag-feu","17":"tag-fr","18":"tag-france","19":"tag-moteur","20":"tag-paris-ajaccio","21":"tag-vol"},"share_on_mastodon":{"url":"https:\/\/pubeurope.com\/@fr\/115754387707091297","error":""},"_links":{"self":[{"href":"https:\/\/www.europesays.com\/fr\/wp-json\/wp\/v2\/posts\/612630","targetHints":{"allow":["GET"]}}],"collection":[{"href":"https:\/\/www.europesays.com\/fr\/wp-json\/wp\/v2\/posts"}],"about":[{"href":"https:\/\/www.europesays.com\/fr\/wp-json\/wp\/v2\/types\/post"}],"author":[{"embeddable":true,"href":"https:\/\/www.europesays.com\/fr\/wp-json\/wp\/v2\/users\/2"}],"replies":[{"embeddable":true,"href":"https:\/\/www.europesays.com\/fr\/wp-json\/wp\/v2\/comments?post=612630"}],"version-history":[{"count":0,"href":"https:\/\/www.europesays.com\/fr\/wp-json\/wp\/v2\/posts\/612630\/revisions"}],"wp:featuredmedia":[{"embeddable":true,"href":"https:\/\/www.europesays.com\/fr\/wp-json\/wp\/v2\/media\/612631"}],"wp:attachment":[{"href":"https:\/\/www.europesays.com\/fr\/wp-json\/wp\/v2\/media?parent=612630"}],"wp:term":[{"taxonomy":"category","embeddable":true,"href":"https:\/\/www.europesays.com\/fr\/wp-json\/wp\/v2\/categories?post=612630"},{"taxonomy":"post_tag","embeddable":true,"href":"https:\/\/www.europesays.com\/fr\/wp-json\/wp\/v2\/tags?post=612630"}],"curies":[{"name":"wp","href":"https:\/\/api.w.org\/{rel}","templated":true}]}}