{"id":612632,"date":"2025-12-20T23:02:12","date_gmt":"2025-12-20T23:02:12","guid":{"rendered":"https:\/\/www.europesays.com\/fr\/612632\/"},"modified":"2025-12-20T23:02:12","modified_gmt":"2025-12-20T23:02:12","slug":"nicolas-sarkozy-en-voyage-prive-en-guadeloupe-pour-une-semaine-sous-controle-judiciaire","status":"publish","type":"post","link":"https:\/\/www.europesays.com\/fr\/612632\/","title":{"rendered":"Nicolas Sarkozy en voyage priv\u00e9 en Guadeloupe pour une semaine&#8230; sous contr\u00f4le judiciaire"},"content":{"rendered":"<p class=\"svelte-qfpp5o first-paragraph\">Nicolas Sarkozy s\u00e9journe actuellement en Guadeloupe, en compagnie de son \u00e9pouse Carla Bruni, de leur fille Giulia, ainsi que de son agent de s\u00e9curit\u00e9. Arriv\u00e9 sur le territoire vendredi 19 d\u00e9cembre, l\u2019ancien pr\u00e9sident de la R\u00e9publique a \u00e9t\u00e9 aper\u00e7u d\u00e8s le lendemain matin, par de nombreux Guadeloup\u00e9ens, en train de faire son footing sur la plage du Bourg de Sainte-Anne. Il s\u2019agit d\u2019un s\u00e9jour priv\u00e9, sans engagements officiels, bien que certains \u00e9lus locaux aient pr\u00e9vu de le rencontrer de mani\u00e8re informelle dans les jours \u00e0 venir.<\/p>\n<p class=\"svelte-qfpp5o\">Ce d\u00e9placement en dehors du territoire hexagonal a \u00e9t\u00e9 rendu possible par une autorisation exceptionnelle, d\u00e9livr\u00e9e dans le cadre du contr\u00f4le judiciaire auquel Nicolas Sarkozy est actuellement astreint. En effet, apr\u00e8s avoir pass\u00e9 vingt et un jours en d\u00e9tention provisoire \u00e0 la prison de la Sant\u00e9, il en est sorti le 10 novembre dernier avec interdiction de contact avec le Ministre de la Justice Gerald Darmanin. Il avait \u00e9t\u00e9 condamn\u00e9 \u00e0 cinq ans de prison ferme, avec mandat de d\u00e9p\u00f4t et ex\u00e9cution provisoire, pour association de malfaiteurs dans le dossier du financement libyen de sa campagne pr\u00e9sidentielle.<\/p>\n<p class=\"svelte-qfpp5o\">Par ailleurs, son pourvoi en cassation dans l\u2019affaire Bygmalion a \u00e9t\u00e9 rejet\u00e9 le 26 novembre dernier, rendant d\u00e9finitive sa condamnation \u00e0 un an d\u2019emprisonnement pour des irr\u00e9gularit\u00e9s dans les comptes de campagne de 2012. Ce s\u00e9jour en Guadeloupe, o\u00f9 il n\u2019\u00e9tait pas revenu depuis sa visite officielle de 2009, devrait donc lui offrir une parenth\u00e8se, bien que discr\u00e9tion et anonymat semblent difficiles \u00e0 maintenir.<\/p>\n","protected":false},"excerpt":{"rendered":"Nicolas Sarkozy s\u00e9journe actuellement en Guadeloupe, en compagnie de son \u00e9pouse Carla Bruni, de leur fille Giulia, ainsi&hellip;\n","protected":false},"author":2,"featured_media":612633,"comment_status":"","ping_status":"","sticky":false,"template":"","format":"standard","meta":{"footnotes":""},"categories":[5],"tags":[11,1011,27,14,12,28],"class_list":{"0":"post-612632","1":"post","2":"type-post","3":"status-publish","4":"format-standard","5":"has-post-thumbnail","7":"category-international","8":"tag-actualites","9":"tag-fr","10":"tag-france","11":"tag-international","12":"tag-news","13":"tag-world"},"share_on_mastodon":{"url":"https:\/\/pubeurope.com\/@fr\/115754391718106162","error":""},"_links":{"self":[{"href":"https:\/\/www.europesays.com\/fr\/wp-json\/wp\/v2\/posts\/612632","targetHints":{"allow":["GET"]}}],"collection":[{"href":"https:\/\/www.europesays.com\/fr\/wp-json\/wp\/v2\/posts"}],"about":[{"href":"https:\/\/www.europesays.com\/fr\/wp-json\/wp\/v2\/types\/post"}],"author":[{"embeddable":true,"href":"https:\/\/www.europesays.com\/fr\/wp-json\/wp\/v2\/users\/2"}],"replies":[{"embeddable":true,"href":"https:\/\/www.europesays.com\/fr\/wp-json\/wp\/v2\/comments?post=612632"}],"version-history":[{"count":0,"href":"https:\/\/www.europesays.com\/fr\/wp-json\/wp\/v2\/posts\/612632\/revisions"}],"wp:featuredmedia":[{"embeddable":true,"href":"https:\/\/www.europesays.com\/fr\/wp-json\/wp\/v2\/media\/612633"}],"wp:attachment":[{"href":"https:\/\/www.europesays.com\/fr\/wp-json\/wp\/v2\/media?parent=612632"}],"wp:term":[{"taxonomy":"category","embeddable":true,"href":"https:\/\/www.europesays.com\/fr\/wp-json\/wp\/v2\/categories?post=612632"},{"taxonomy":"post_tag","embeddable":true,"href":"https:\/\/www.europesays.com\/fr\/wp-json\/wp\/v2\/tags?post=612632"}],"curies":[{"name":"wp","href":"https:\/\/api.w.org\/{rel}","templated":true}]}}