{"id":612638,"date":"2025-12-20T23:05:40","date_gmt":"2025-12-20T23:05:40","guid":{"rendered":"https:\/\/www.europesays.com\/fr\/612638\/"},"modified":"2025-12-20T23:05:40","modified_gmt":"2025-12-20T23:05:40","slug":"noel-enchante-lecole-privee-de-saint-just-malmont","status":"publish","type":"post","link":"https:\/\/www.europesays.com\/fr\/612638\/","title":{"rendered":"No\u00ebl enchante l&rsquo;\u00e9cole priv\u00e9e de Saint-Just-Malmont"},"content":{"rendered":"<p>\t\t\t\t\t\t\t\t\t\t\t\t\t\t\t\t\t\t\t\t\t\t\t\t\t\t\t\t\t\t\t\t\t\t\t\t\t\t\t\t\t\t\t\t\t\t\t\t\t\t\t\t\t\t\t\t\t\t\t\t\t\t\t<a href=\"https:\/\/www.lacommere43.fr\/component\/banners\/click\/1870.html\" target=\"_blank\" title=\"Yssingeaux bijouterie Civet d\u00e9cembre 2025\" rel=\"noopener\"><br \/>\n\t\t\t\t\t\t\t<img decoding=\"async\" loading=\"lazy\" src=\"https:\/\/www.europesays.com\/fr\/wp-content\/uploads\/2025\/12\/civet-carre2026.gif\" alt=\"Yssingeaux bijouterie Civet d\u00e9cembre 2025\"\/><br \/>\n\t\t\t\t\t\t<\/a><\/p>\n<p>\t\t\t\t\t\t\t\t\t\t\t\t\t\t\t\t\t\t\t\t\t\t\t\t\t\t\t\t\t\t\t\t\t\t\t\t\t\t\t\t\t\t\t\t\t\t\t\t\t\t\t\t\t\t\t\t\t\t\t\t\t\t\t<a href=\"https:\/\/www.lacommere43.fr\/component\/banners\/click\/1869.html\" target=\"_blank\" title=\"Saint-Romain-Lachalm Durieux Fermetures d\u00e9cembre 2025\" rel=\"noopener\"><br \/>\n\t\t\t\t\t\t\t<img decoding=\"async\" loading=\"lazy\" src=\"https:\/\/www.europesays.com\/fr\/wp-content\/uploads\/2025\/12\/La-Commre-43---du-20-12-25-au-09-01-2026.gif\" alt=\"Saint-Romain-Lachalm Durieux Fermetures d\u00e9cembre 2025\"\/><br \/>\n\t\t\t\t\t\t<\/a><\/p>\n<p><strong>Les \u00e9l\u00e8ves de l&rsquo;\u00e9cole Don Bosco de Saint-Just-Malmont ont cl\u00f4tur\u00e9 l&rsquo;ann\u00e9e par une semaine festive, marquant l&rsquo;apog\u00e9e de leurs pr\u00e9paratifs de No\u00ebl, entre activit\u00e9s cr\u00e9atives, recueillement, visite aux r\u00e9sidents de l\u2019Ehpad, chants et go\u00fbter de No\u00ebl partag\u00e9 avec les familles.<\/strong><\/p>\n<p>D\u00e8s les premi\u00e8res semaines de l&rsquo;Avent, l&rsquo;\u00e9cole s&rsquo;\u00e9tait par\u00e9e de ses plus belles d\u00e9corations : cr\u00e8che, et. sapins ornaient les couloirs et les classes. Cette ambiance a \u00e9t\u00e9 renforc\u00e9e par une rencontre<br \/>spirituelle \u00e0 l&rsquo;\u00e9glise avec le pr\u00eatre Jean-Claude Morel.<\/p>\n<p>Les cours d&rsquo;arts plastiques se sont transform\u00e9s en v\u00e9ritables ateliers du P\u00e8re No\u00ebl. Les \u00e9l\u00e8ves se sont appliqu\u00e9s \u00e0 confectionner des cadeaux de No\u00ebl destin\u00e9s \u00e0 leurs familles, mais aussi \u00e0 pr\u00e9parer des cartes de v\u0153ux personnalis\u00e9es pour les r\u00e9sidents de la maison de retraite, perp\u00e9tuant ainsi une tradition de partage et de solidarit\u00e9 interg\u00e9n\u00e9rationnelle.<\/p>\n<p><strong>B\u00fbche, mandarines et papillotes<\/strong><\/p>\n<p>La veille des vacances, une journ\u00e9e marathon attendait les \u00e9coliers, ponctu\u00e9e d&rsquo;une s\u00e9ance au cin\u00e9ma, avant un go\u00fbter traditionnel offert par la municipalit\u00e9, compos\u00e9 de b\u00fbche, mandarines et papillotes.<\/p>\n<p>Pour leur dernier jour, une surprise de taille attendait les \u00e9coliers : le P\u00e8re No\u00ebl avait d\u00e9pos\u00e9 un livre pour chaque \u00e9l\u00e8ve, ainsi que de nouveaux \u00e9quipements sportifs pour agr\u00e9menter le temps des<br \/>r\u00e9cr\u00e9ations.<\/p>\n<p>La semaine s&rsquo;est achev\u00e9e par un spectacle de chants des enfants et un go\u00fbter convivial offert par les membres de l&rsquo;association des parents d&rsquo;\u00e9l\u00e8ves avant le d\u00e9part en vacances.<\/p>\n","protected":false},"excerpt":{"rendered":"Les \u00e9l\u00e8ves de l&rsquo;\u00e9cole Don Bosco de Saint-Just-Malmont ont cl\u00f4tur\u00e9 l&rsquo;ann\u00e9e par une semaine festive, marquant l&rsquo;apog\u00e9e de&hellip;\n","protected":false},"author":2,"featured_media":612639,"comment_status":"","ping_status":"","sticky":false,"template":"","format":"standard","meta":{"footnotes":""},"categories":[9653],"tags":[1111,2281,11,2430,1777,674,2282,1011,27,2280,2284,2285,2283,12,25,4001],"class_list":{"0":"post-612638","1":"post","2":"type-post","3":"status-publish","4":"format-standard","5":"has-post-thumbnail","7":"category-saint-etienne","8":"tag-actu","9":"tag-actualite-43","10":"tag-actualites","11":"tag-auvergne-rhone-alpes","12":"tag-eu","13":"tag-europe","14":"tag-faits-divers-auvergne","15":"tag-fr","16":"tag-france","17":"tag-information-haute-loire","18":"tag-infos-43","19":"tag-journal-haute-loire","20":"tag-la-commere-43","21":"tag-news","22":"tag-republique-francaise","23":"tag-saint-etienne"},"share_on_mastodon":{"url":"https:\/\/pubeurope.com\/@fr\/115754404254155303","error":""},"_links":{"self":[{"href":"https:\/\/www.europesays.com\/fr\/wp-json\/wp\/v2\/posts\/612638","targetHints":{"allow":["GET"]}}],"collection":[{"href":"https:\/\/www.europesays.com\/fr\/wp-json\/wp\/v2\/posts"}],"about":[{"href":"https:\/\/www.europesays.com\/fr\/wp-json\/wp\/v2\/types\/post"}],"author":[{"embeddable":true,"href":"https:\/\/www.europesays.com\/fr\/wp-json\/wp\/v2\/users\/2"}],"replies":[{"embeddable":true,"href":"https:\/\/www.europesays.com\/fr\/wp-json\/wp\/v2\/comments?post=612638"}],"version-history":[{"count":0,"href":"https:\/\/www.europesays.com\/fr\/wp-json\/wp\/v2\/posts\/612638\/revisions"}],"wp:featuredmedia":[{"embeddable":true,"href":"https:\/\/www.europesays.com\/fr\/wp-json\/wp\/v2\/media\/612639"}],"wp:attachment":[{"href":"https:\/\/www.europesays.com\/fr\/wp-json\/wp\/v2\/media?parent=612638"}],"wp:term":[{"taxonomy":"category","embeddable":true,"href":"https:\/\/www.europesays.com\/fr\/wp-json\/wp\/v2\/categories?post=612638"},{"taxonomy":"post_tag","embeddable":true,"href":"https:\/\/www.europesays.com\/fr\/wp-json\/wp\/v2\/tags?post=612638"}],"curies":[{"name":"wp","href":"https:\/\/api.w.org\/{rel}","templated":true}]}}