{"id":61264,"date":"2025-04-29T07:46:08","date_gmt":"2025-04-29T07:46:08","guid":{"rendered":"https:\/\/www.europesays.com\/fr\/61264\/"},"modified":"2025-04-29T07:46:08","modified_gmt":"2025-04-29T07:46:08","slug":"les-trafiquants-se-font-braquer-9-tonnes-de-cannabis-et-previennent-la-police","status":"publish","type":"post","link":"https:\/\/www.europesays.com\/fr\/61264\/","title":{"rendered":"les trafiquants se font braquer 9 tonnes de cannabis\u2026 et pr\u00e9viennent la police"},"content":{"rendered":"<p itemprop=\"description\"><strong>Le \u00ab\u00a0coup de carotte\u00a0\u00bb a mal tourn\u00e9, les voleurs de drogue ont \u00e9t\u00e9 localis\u00e9s gr\u00e2ce \u00e0 un signalement\u2026 venu du camp adverse.<\/strong><\/p>\n<p>Neuf tonnes de r\u00e9sine de cannabis ont \u00e9t\u00e9 retrouv\u00e9es en d\u00e9but de semaine derni\u00e8re dans un entrep\u00f4t pr\u00e8s de Lyon, apr\u00e8s un sc\u00e9nario aussi rocambolesque qu\u2019inattendu.<\/p>\n<p>Selon\u00a0<a href=\"https:\/\/www.parismatch.com\/actu\/faits-divers\/info-paris-match-il-se-fait-voler-9-tonnes-de-cannabis-puis-alerte-la-police-250685#:~:text=Selon%20les%20informations%20de%20Paris,conditions%20pour%20le%20moins%20particuli\u00e8res.\" target=\"_blank\" rel=\"noopener\">Paris Match<\/a>, la drogue, d\u2019une valeur estim\u00e9e \u00e0 27 millions d\u2019euros, avait \u00e9t\u00e9 vol\u00e9e \u00e0 un chauffeur de poids lourd le lundi 21 avril au soir, dans une station-service de Vitrolles (Bouches-du-Rh\u00f4ne), alors qu\u2019il revenait d\u2019Espagne.<\/p>\n<p>Le camion a \u00e9t\u00e9 d\u00e9tourn\u00e9 sous la menace par plusieurs hommes, qui ont ensuite pris la fuite avec la marchandise. Mais l\u2019histoire ne s\u2019arr\u00eate pas l\u00e0 : dans les heures qui suivent, des appels sont pass\u00e9s \u00e0 la police et \u00e0 la gendarmerie. Au bout du fil, des individus non identifi\u00e9s fournissent des informations tr\u00e8s pr\u00e9cises sur le v\u00e9hicule vol\u00e9, jusqu\u2019aux coordonn\u00e9es GPS. Les trafiquants ayant \u00e9quip\u00e9 le camion d&rsquo;une balise (une pratique courante dans ce genre d&rsquo;affaire).<\/p>\n<p>Gr\u00e2ce \u00e0 ces donn\u00e9es, les gendarmes localisent rapidement le poids lourd dans un entrep\u00f4t situ\u00e9 dans un village proche de la m\u00e9tropole lyonnaise. Deux suspects, soup\u00e7onn\u00e9s d\u2019avoir particip\u00e9 au vol, sont plac\u00e9s en garde \u00e0 vue.<\/p>\n<p>\u00ab\u00a0C\u2019est ce qu\u2019on appelle un coup de carotte dans le jargon des narcotrafiquants\u00a0\u00bb, explique un policier sp\u00e9cialis\u00e9.<\/p>\n","protected":false},"excerpt":{"rendered":"Le \u00ab\u00a0coup de carotte\u00a0\u00bb a mal tourn\u00e9, les voleurs de drogue ont \u00e9t\u00e9 localis\u00e9s gr\u00e2ce \u00e0 un signalement\u2026&hellip;\n","protected":false},"author":2,"featured_media":61265,"comment_status":"","ping_status":"","sticky":false,"template":"","format":"standard","meta":{"footnotes":""},"categories":[1889],"tags":[1111,11,2813,2190,2430,1109,251,1112,2811,1777,674,118,1011,27,1922,1110,1114,2428,2810,12,241,316,25,2812,517,800],"class_list":{"0":"post-61264","1":"post","2":"type-post","3":"status-publish","4":"format-standard","5":"has-post-thumbnail","7":"category-lyon","8":"tag-actu","9":"tag-actualites","10":"tag-article","11":"tag-asvel","12":"tag-auvergne-rhone-alpes","13":"tag-breves","14":"tag-culture","15":"tag-depeches","16":"tag-economique","17":"tag-eu","18":"tag-europe","19":"tag-faits-divers","20":"tag-fr","21":"tag-france","22":"tag-info","23":"tag-informations","24":"tag-infos","25":"tag-lyon","26":"tag-lyonmag","27":"tag-news","28":"tag-ol","29":"tag-politique","30":"tag-republique-francaise","31":"tag-sociale","32":"tag-sport","33":"tag-transports"},"share_on_mastodon":{"url":"https:\/\/pubeurope.com\/@fr\/114420146700567572","error":""},"_links":{"self":[{"href":"https:\/\/www.europesays.com\/fr\/wp-json\/wp\/v2\/posts\/61264","targetHints":{"allow":["GET"]}}],"collection":[{"href":"https:\/\/www.europesays.com\/fr\/wp-json\/wp\/v2\/posts"}],"about":[{"href":"https:\/\/www.europesays.com\/fr\/wp-json\/wp\/v2\/types\/post"}],"author":[{"embeddable":true,"href":"https:\/\/www.europesays.com\/fr\/wp-json\/wp\/v2\/users\/2"}],"replies":[{"embeddable":true,"href":"https:\/\/www.europesays.com\/fr\/wp-json\/wp\/v2\/comments?post=61264"}],"version-history":[{"count":0,"href":"https:\/\/www.europesays.com\/fr\/wp-json\/wp\/v2\/posts\/61264\/revisions"}],"wp:featuredmedia":[{"embeddable":true,"href":"https:\/\/www.europesays.com\/fr\/wp-json\/wp\/v2\/media\/61265"}],"wp:attachment":[{"href":"https:\/\/www.europesays.com\/fr\/wp-json\/wp\/v2\/media?parent=61264"}],"wp:term":[{"taxonomy":"category","embeddable":true,"href":"https:\/\/www.europesays.com\/fr\/wp-json\/wp\/v2\/categories?post=61264"},{"taxonomy":"post_tag","embeddable":true,"href":"https:\/\/www.europesays.com\/fr\/wp-json\/wp\/v2\/tags?post=61264"}],"curies":[{"name":"wp","href":"https:\/\/api.w.org\/{rel}","templated":true}]}}