{"id":612640,"date":"2025-12-20T23:07:43","date_gmt":"2025-12-20T23:07:43","guid":{"rendered":"https:\/\/www.europesays.com\/fr\/612640\/"},"modified":"2025-12-20T23:07:43","modified_gmt":"2025-12-20T23:07:43","slug":"saint-etienne-une-mobilisation-citoyenne-sans-tracteur-pour-soutenir-les-agriculteurs","status":"publish","type":"post","link":"https:\/\/www.europesays.com\/fr\/612640\/","title":{"rendered":"Saint-\u00c9tienne. Une mobilisation citoyenne sans tracteur pour soutenir les agriculteurs"},"content":{"rendered":"<p>Pas de pancarte brandie ici ou l\u00e0 pour d\u00e9noncer la gestion, par l\u2019\u00c9tat, de la dermatose nodulaire, cette maladie virale hautement contagieuse qui frappe les bovins.\u00a0<a href=\"https:\/\/www.leprogres.fr\/economie\/2025\/12\/19\/manifestation-des-agriculteurs-une-soixantaine-de-tracteurs-bloquent-le-centre-ville-de-roanne\" target=\"_blank\" rel=\"noopener\">Pas de tracteur, comme la veille, \u00e0 Roanne<\/a>, pour bloquer le centre-ville.<\/p>\n<p>  \u00ab\u00a0Un rassemblement de toutes les col\u00e8res\u00a0\u00bb<\/p>\n<p>C\u2019est dans le plus grand calme, et \u00e0 l\u2019appel d\u2019un collectif de citoyens, qu\u2019une cinquantaine de personnes se sont rassembl\u00e9es, samedi apr\u00e8s-midi, place du Peuple, pour exprimer leurs soutiens aux agriculteurs et leur ras-le-bol face aux politiques gouvernementales. \u00ab\u00a0C\u2019est un rassemblement de toutes les col\u00e8res\u00a0\u00bb synth\u00e9tise un manifestant. \u00ab\u00a0Vendredi, nous \u00e9tions \u00e0 Roanne, quelques jours plus t\u00f4t, \u00e0 Lyon, nous ne pouvons pas \u00eatre de partout\u00a0\u00bb, plaide\u00a0Nicolas Clair. La veille, ce porte-parole de la Conf\u00e9d\u00e9ration paysanne a pass\u00e9 sa journ\u00e9e dans son exploitation \u00e0 finir de semer le bl\u00e9 et \u00e0 proc\u00e9der \u00e0 des travaux.<\/p>\n<p>  \u00ab\u00a0Les urbains sont aussi des consommateurs l\u00e9gitimes \u00e0 avoir un avis sur l\u2019agriculture\u00a0\u00bb<\/p>\n<p>C\u2019est un collectif de citoyens qui l\u2019a invit\u00e9 \u00e0 intervenir, place du Peuple, sur les questions de la dermatose nodulaire contagieuse et des accords de libre-\u00e9change avec le Mercosur. \u00ab\u00a0Les urbains sont aussi des consommateurs l\u00e9gitimes \u00e0 avoir un avis sur l\u2019agriculture, estime Nicolas Clair. C\u2019est leur sant\u00e9, leur alimentation, leur paysage, leur biodiversit\u00e9 et la qualit\u00e9 de leur eau\u00a0\u00bb, a list\u00e9 l\u2019exploitant agricole de Sainte-Foy-Saint-Sulpice qui a \u00e9galement rappel\u00e9 que si l\u2019accord de libre-\u00e9change avec le Mercosur \u00e9tait sign\u00e9, \u00ab\u00a0ce serait des milliers de centaines de b\u0153ufs d\u2019Am\u00e9rique du Sud qui seraient import\u00e9s en France\u00a0\u00bb. Et qui se retrouveraient dans les assiettes des consommateurs.<\/p>\n","protected":false},"excerpt":{"rendered":"Pas de pancarte brandie ici ou l\u00e0 pour d\u00e9noncer la gestion, par l\u2019\u00c9tat, de la dermatose nodulaire, cette&hellip;\n","protected":false},"author":2,"featured_media":612641,"comment_status":"","ping_status":"","sticky":false,"template":"","format":"standard","meta":{"footnotes":""},"categories":[9653],"tags":[1111,11,327,2430,33,7539,1777,674,1011,27,3367,12,25,4001,7538,801],"class_list":{"0":"post-612640","1":"post","2":"type-post","3":"status-publish","4":"format-standard","5":"has-post-thumbnail","7":"category-saint-etienne","8":"tag-actu","9":"tag-actualites","10":"tag-agriculture","11":"tag-auvergne-rhone-alpes","12":"tag-economie","13":"tag-edition-loire-sud","14":"tag-eu","15":"tag-europe","16":"tag-fr","17":"tag-france","18":"tag-loire","19":"tag-news","20":"tag-republique-francaise","21":"tag-saint-etienne","22":"tag-saint-etienne-ville","23":"tag-social"},"share_on_mastodon":{"url":"https:\/\/pubeurope.com\/@fr\/115754411213597751","error":""},"_links":{"self":[{"href":"https:\/\/www.europesays.com\/fr\/wp-json\/wp\/v2\/posts\/612640","targetHints":{"allow":["GET"]}}],"collection":[{"href":"https:\/\/www.europesays.com\/fr\/wp-json\/wp\/v2\/posts"}],"about":[{"href":"https:\/\/www.europesays.com\/fr\/wp-json\/wp\/v2\/types\/post"}],"author":[{"embeddable":true,"href":"https:\/\/www.europesays.com\/fr\/wp-json\/wp\/v2\/users\/2"}],"replies":[{"embeddable":true,"href":"https:\/\/www.europesays.com\/fr\/wp-json\/wp\/v2\/comments?post=612640"}],"version-history":[{"count":0,"href":"https:\/\/www.europesays.com\/fr\/wp-json\/wp\/v2\/posts\/612640\/revisions"}],"wp:featuredmedia":[{"embeddable":true,"href":"https:\/\/www.europesays.com\/fr\/wp-json\/wp\/v2\/media\/612641"}],"wp:attachment":[{"href":"https:\/\/www.europesays.com\/fr\/wp-json\/wp\/v2\/media?parent=612640"}],"wp:term":[{"taxonomy":"category","embeddable":true,"href":"https:\/\/www.europesays.com\/fr\/wp-json\/wp\/v2\/categories?post=612640"},{"taxonomy":"post_tag","embeddable":true,"href":"https:\/\/www.europesays.com\/fr\/wp-json\/wp\/v2\/tags?post=612640"}],"curies":[{"name":"wp","href":"https:\/\/api.w.org\/{rel}","templated":true}]}}