{"id":612642,"date":"2025-12-20T23:09:49","date_gmt":"2025-12-20T23:09:49","guid":{"rendered":"https:\/\/www.europesays.com\/fr\/612642\/"},"modified":"2025-12-20T23:09:49","modified_gmt":"2025-12-20T23:09:49","slug":"maxeville-face-au-retour-massif-des-etourneaux-des-fauconniers-a-la-rescousse-au-quartier-champ-le-boeuf","status":"publish","type":"post","link":"https:\/\/www.europesays.com\/fr\/612642\/","title":{"rendered":"Max\u00e9ville. Face au retour massif des \u00e9tourneaux, des fauconniers \u00e0 la rescousse au quartier Champ-le-Boeuf"},"content":{"rendered":"<p><a href=\"https:\/\/www.estrepublicain.fr\/environnement\/2024\/02\/06\/les-habitants-de-champ-le-boeuf-confrontes-a-des-nuees-d-etourneaux\" target=\"_blank\" rel=\"noopener\">Ils sont revenus par milliers, chaque soir, dans le quartier du Champ-le-B\u0153uf. <\/a>Les \u00e9tourneaux ont repris leur murmuration aux abords de l\u2019aire de jeux de la rue de la Blette.<\/p>\n<p>Si leur vol en vagues peut appara\u00eetre comme un spectacle magique dans lequel les mouvements de chaque volatile sont parfaitement coordonn\u00e9s, leur pr\u00e9sence en nombre cr\u00e9e des nuisances pour les habitants du quartier\u00a0: bruits, odeurs et fientes qui salissent les carrosseries et l\u2019espace public.<\/p>\n<p>Ce contenu est bloqu\u00e9 car vous n&rsquo;avez pas accept\u00e9 les cookies et autres traceurs.<\/p>\n<p>En cliquant sur \u00ab J\u2019accepte \u00bb, les cookies et autres traceurs seront d\u00e9pos\u00e9s et vous pourrez visualiser les contenus  (<a href=\"\" class=\"consentModule_policy\" target=\"_blank\" title=\"Consulter la politique de protection des donn\u00e9es du fournisseur\">plus d&rsquo;informations<\/a>).<\/p>\n<p>En cliquant sur \u00ab J\u2019accepte tous les cookies \u00bb, vous autorisez des d\u00e9p\u00f4ts de cookies et autres traceurs pour le stockage de vos donn\u00e9es sur nos sites et applications \u00e0 des fins de personnalisation et de ciblage publicitaire.<\/p>\n<p class=\"consentModule_secondaryText\">Vous gardez la possibilit\u00e9 de retirer votre consentement \u00e0 tout moment en consultant notre <a href=\"https:\/\/www.estrepublicain.fr\/protection-des-donnees\" target=\"_blank\" title=\"Consulter notre politique de protection des donn\u00e9es\" rel=\"noopener\">politique de protection des donn\u00e9es<\/a>. <br \/>&#13;<br \/>\n            <a href=\"https:\/\/www.estrepublicain.fr\/environnement\/2025\/12\/20\/javascript:Didomi.notice.show()\" class=\"consentModule_cmp\" target=\"_blank\" rel=\"noopener\">G\u00e9rer mes choix<\/a>&#13;\n        <\/p>\n<p>&#13;<br \/>\n                        J&rsquo;accepte&#13;<br \/>\n            J&rsquo;accepte tous les cookies&#13;\n        <\/p>\n<p>  Des fauconniers en intervention<\/p>\n<p>La ville a donc d\u00e9cid\u00e9 de faire appel \u00e0 des fauconniers, pour les effaroucher et les inciter \u00e0 trouver un autre espace.<\/p>\n<p>Kevin et Laureline, de la soci\u00e9t\u00e9 SkyGard situ\u00e9e \u00e0 Rombas en (Moselle) interviennent depuis quelques jours avec deux buses de Harris. La semaine pass\u00e9e, ils sont intervenus quatre soirs, mais le brouillard a rendu l\u2019intervention des rapaces moins efficace. Ils sont donc revenus cette semaine pour inciter les \u00e9tourneaux \u00e0 trouver un autre spot.<\/p>\n<p>  Les fauconniers interviennent tant qu\u2019il le faut<\/p>\n<p>L\u2019aire de jeux de la Blette offre en effet un espace prot\u00e9g\u00e9 du vent par les immeubles, et s\u00e9curisant du fait de la pr\u00e9sence de grands pins.<\/p>\n<p>\u00ab\u00a0Les fauconniers interviendront tant que les \u00e9tourneaux seront pr\u00e9sents. Les habitants doivent \u00eatre rassur\u00e9s, la pr\u00e9sence de fientes ne pr\u00e9sente aucun risque pour la sant\u00e9 humaine. Elles ne propagent pas de maladies.\u00a0\u00bb explique Jean-Charles Perreau, charg\u00e9 de mission environnement.<\/p>\n","protected":false},"excerpt":{"rendered":"Ils sont revenus par milliers, chaque soir, dans le quartier du Champ-le-B\u0153uf. Les \u00e9tourneaux ont repris leur murmuration&hellip;\n","protected":false},"author":2,"featured_media":612643,"comment_status":"","ping_status":"","sticky":false,"template":"","format":"standard","meta":{"footnotes":""},"categories":[9635],"tags":[1111,11,1704,436,1777,674,1011,27,775,10061,10262,1702,12,25],"class_list":{"0":"post-612642","1":"post","2":"type-post","3":"status-publish","4":"format-standard","5":"has-post-thumbnail","7":"category-nancy","8":"tag-actu","9":"tag-actualites","10":"tag-edition-nancy-et-agglomeration","11":"tag-environnement","12":"tag-eu","13":"tag-europe","14":"tag-fr","15":"tag-france","16":"tag-grand-est","17":"tag-maxeville","18":"tag-metropole-du-grand-nancy-54b5","19":"tag-nancy","20":"tag-news","21":"tag-republique-francaise"},"share_on_mastodon":{"url":"https:\/\/pubeurope.com\/@fr\/115754422970839747","error":""},"_links":{"self":[{"href":"https:\/\/www.europesays.com\/fr\/wp-json\/wp\/v2\/posts\/612642","targetHints":{"allow":["GET"]}}],"collection":[{"href":"https:\/\/www.europesays.com\/fr\/wp-json\/wp\/v2\/posts"}],"about":[{"href":"https:\/\/www.europesays.com\/fr\/wp-json\/wp\/v2\/types\/post"}],"author":[{"embeddable":true,"href":"https:\/\/www.europesays.com\/fr\/wp-json\/wp\/v2\/users\/2"}],"replies":[{"embeddable":true,"href":"https:\/\/www.europesays.com\/fr\/wp-json\/wp\/v2\/comments?post=612642"}],"version-history":[{"count":0,"href":"https:\/\/www.europesays.com\/fr\/wp-json\/wp\/v2\/posts\/612642\/revisions"}],"wp:featuredmedia":[{"embeddable":true,"href":"https:\/\/www.europesays.com\/fr\/wp-json\/wp\/v2\/media\/612643"}],"wp:attachment":[{"href":"https:\/\/www.europesays.com\/fr\/wp-json\/wp\/v2\/media?parent=612642"}],"wp:term":[{"taxonomy":"category","embeddable":true,"href":"https:\/\/www.europesays.com\/fr\/wp-json\/wp\/v2\/categories?post=612642"},{"taxonomy":"post_tag","embeddable":true,"href":"https:\/\/www.europesays.com\/fr\/wp-json\/wp\/v2\/tags?post=612642"}],"curies":[{"name":"wp","href":"https:\/\/api.w.org\/{rel}","templated":true}]}}