{"id":612647,"date":"2025-12-20T23:15:14","date_gmt":"2025-12-20T23:15:14","guid":{"rendered":"https:\/\/www.europesays.com\/fr\/612647\/"},"modified":"2025-12-20T23:15:14","modified_gmt":"2025-12-20T23:15:14","slug":"disparition-brutale-de-francois-rio-maire-de-saint-jean-de-vedas-a-lage-de-42-ans","status":"publish","type":"post","link":"https:\/\/www.europesays.com\/fr\/612647\/","title":{"rendered":"Disparition brutale de Fran\u00e7ois Rio, maire de Saint-Jean-de-V\u00e9das, \u00e0 l\u2019\u00e2ge de 42 ans"},"content":{"rendered":"<p>\n                                                                Le maire de Saint-Jean-de-V\u00e9das est d\u00e9c\u00e9d\u00e9 ce samedi 20\u00a0d\u00e9cembre dans sa commune.\n                            <\/p>\n<p>Le maire de Saint-Jean-de-V\u00e9das, Fran\u00e7ois Rio, est d\u00e9c\u00e9d\u00e9 ce samedi 20\u00a0d\u00e9cembre. \u00c2g\u00e9\u00a0de 42 ans, l\u2019\u00e9lu avait particip\u00e9 \u00e0 l\u2019inauguration de la ligne 5 de tramway aux c\u00f4t\u00e9s du maire de Montpellier et des \u00e9lus de la m\u00e9tropole ce samedi matin.<\/p>\n<p>Elu maire en 2020<\/p>\n<p>Rien ne pr\u00e9sageait de cette disparition brutale. Le maire aurait succomb\u00e9 apr\u00e8s un accident de la vie courante. \u00c2g\u00e9 de 42 ans, Fran\u00e7ois Rio avait \u00e9t\u00e9 \u00e9lu maire de Saint-Jean-de-V\u00e9das en 2020. Malgr\u00e9\u00a0l\u2019implosion de sa majorit\u00e9 en cours de mandat, il comptait se pr\u00e9senter \u00e0 un nouveau mandat devant les \u00e9lecteurs.<\/p>\n","protected":false},"excerpt":{"rendered":"Le maire de Saint-Jean-de-V\u00e9das est d\u00e9c\u00e9d\u00e9 ce samedi 20\u00a0d\u00e9cembre dans sa commune. Le maire de Saint-Jean-de-V\u00e9das, Fran\u00e7ois Rio,&hellip;\n","protected":false},"author":2,"featured_media":612648,"comment_status":"","ping_status":"","sticky":false,"template":"","format":"standard","meta":{"footnotes":""},"categories":[9599],"tags":[1111,11,1777,674,118,1011,27,7089,2208,12,2680,25,72356],"class_list":{"0":"post-612647","1":"post","2":"type-post","3":"status-publish","4":"format-standard","5":"has-post-thumbnail","7":"category-montpellier","8":"tag-actu","9":"tag-actualites","10":"tag-eu","11":"tag-europe","12":"tag-faits-divers","13":"tag-fr","14":"tag-france","15":"tag-herault","16":"tag-montpellier","17":"tag-news","18":"tag-occitanie","19":"tag-republique-francaise","20":"tag-saintjeandevedas"},"share_on_mastodon":{"url":"https:\/\/pubeurope.com\/@fr\/115754443607585735","error":""},"_links":{"self":[{"href":"https:\/\/www.europesays.com\/fr\/wp-json\/wp\/v2\/posts\/612647","targetHints":{"allow":["GET"]}}],"collection":[{"href":"https:\/\/www.europesays.com\/fr\/wp-json\/wp\/v2\/posts"}],"about":[{"href":"https:\/\/www.europesays.com\/fr\/wp-json\/wp\/v2\/types\/post"}],"author":[{"embeddable":true,"href":"https:\/\/www.europesays.com\/fr\/wp-json\/wp\/v2\/users\/2"}],"replies":[{"embeddable":true,"href":"https:\/\/www.europesays.com\/fr\/wp-json\/wp\/v2\/comments?post=612647"}],"version-history":[{"count":0,"href":"https:\/\/www.europesays.com\/fr\/wp-json\/wp\/v2\/posts\/612647\/revisions"}],"wp:featuredmedia":[{"embeddable":true,"href":"https:\/\/www.europesays.com\/fr\/wp-json\/wp\/v2\/media\/612648"}],"wp:attachment":[{"href":"https:\/\/www.europesays.com\/fr\/wp-json\/wp\/v2\/media?parent=612647"}],"wp:term":[{"taxonomy":"category","embeddable":true,"href":"https:\/\/www.europesays.com\/fr\/wp-json\/wp\/v2\/categories?post=612647"},{"taxonomy":"post_tag","embeddable":true,"href":"https:\/\/www.europesays.com\/fr\/wp-json\/wp\/v2\/tags?post=612647"}],"curies":[{"name":"wp","href":"https:\/\/api.w.org\/{rel}","templated":true}]}}