{"id":612651,"date":"2025-12-20T23:18:33","date_gmt":"2025-12-20T23:18:33","guid":{"rendered":"https:\/\/www.europesays.com\/fr\/612651\/"},"modified":"2025-12-20T23:18:33","modified_gmt":"2025-12-20T23:18:33","slug":"metropole-rouen-normandie-6","status":"publish","type":"post","link":"https:\/\/www.europesays.com\/fr\/612651\/","title":{"rendered":"| M\u00e9tropole Rouen Normandie"},"content":{"rendered":"<p>quai de boisguilbert<\/p>\n<p>Mercredi 21 janvier 2026, 14h00, 15h00, 16h00<\/p>\n<p>Le Pavillon des Transitions de la M\u00e9tropole Rouen Normandie &#8211; en partenariat avec l\u2019association \u00ab l\u2019Ecole des P\u00f4les \u00bb &#8211; vous propose le mercredi 21 janvier 2026 une visite \u00e0 bord du trois m\u00e2ts \u00ab\u00a0Le Fran\u00e7ais\u00a0\u00bb amarr\u00e9 \u00e0 proximit\u00e9 du Pavillon des Transitions, pour sensibiliser le public au changement climatique via la beaut\u00e9 et la fragilit\u00e9 des p\u00f4les.<\/p>\n<p>L&rsquo;\u00e9cole des P\u00f4les est une association qui propose des outils et des modules p\u00e9dagogiques multidisciplinaires de sensibilisation au changement climatique via l\u2019\u00e9merveillement et la compr\u00e9hension des r\u00e9gions polaires. Elle r\u00e9alise des escales sur les c\u00f4tes fran\u00e7aises \u00e0 bord de voilier d&rsquo;exception, comme \u00ab\u00a0Le Fran\u00e7ais\u00a0\u00bb.<\/p>\n<p>Ainsi, il est propos\u00e9 au grand public, \u00e0 partir de 8 ans, une visite guid\u00e9e gratuite de 45 min (\u00e0 14h, 15h ou 16h) \u00e0 bord du trois-m\u00e2ts de tradition le \u00ab Fran\u00e7ais \u00bb, amarr\u00e9 \u00e0 proximit\u00e9 du Pavillon des Transitions, par \u00ab\u00a0L&rsquo;Ecole des P\u00f4les\u00a0\u00bb, avec une sensibilisation au changement climatique via la beaut\u00e9 et la fragilit\u00e9 des p\u00f4les.<\/p>\n<p>Visite gratuite sur inscription, mineurs obligatoirement accompagn\u00e9s d&rsquo;un adulte. Inscrire tous les participants.<\/p>\n<p>Pr\u00e9sentation navire le Fran\u00e7ais<\/p>\n<p>Le Fran\u00e7ais, un des derniers grands voiliers de tradition. Construit en 1948 le Kaskelot, cachalot en danois, \u00e9tait \u00e0 l\u2019origine un navire de ravitaillement pour le Groenland. Apr\u00e8s plusieurs vies sous plusieurs pavillons et les projecteurs du 7e art, il est baptis\u00e9 Le Fran\u00e7ais en 2018 en hommage au navire \u00e9ponyme du Commandant Jean-Baptiste Charcot, parti entre 1903 et 1905 pour le premier hivernage fran\u00e7ais en Antarctique.<\/p>\n","protected":false},"excerpt":{"rendered":"quai de boisguilbert Mercredi 21 janvier 2026, 14h00, 15h00, 16h00 Le Pavillon des Transitions de la M\u00e9tropole Rouen&hellip;\n","protected":false},"author":2,"featured_media":612652,"comment_status":"","ping_status":"","sticky":false,"template":"","format":"standard","meta":{"footnotes":""},"categories":[9587],"tags":[1111,11,1777,674,1011,27,12,5161,25,9590],"class_list":{"0":"post-612651","1":"post","2":"type-post","3":"status-publish","4":"format-standard","5":"has-post-thumbnail","7":"category-rouen","8":"tag-actu","9":"tag-actualites","10":"tag-eu","11":"tag-europe","12":"tag-fr","13":"tag-france","14":"tag-news","15":"tag-normandie","16":"tag-republique-francaise","17":"tag-rouen"},"share_on_mastodon":{"url":"https:\/\/pubeurope.com\/@fr\/115754454467740424","error":""},"_links":{"self":[{"href":"https:\/\/www.europesays.com\/fr\/wp-json\/wp\/v2\/posts\/612651","targetHints":{"allow":["GET"]}}],"collection":[{"href":"https:\/\/www.europesays.com\/fr\/wp-json\/wp\/v2\/posts"}],"about":[{"href":"https:\/\/www.europesays.com\/fr\/wp-json\/wp\/v2\/types\/post"}],"author":[{"embeddable":true,"href":"https:\/\/www.europesays.com\/fr\/wp-json\/wp\/v2\/users\/2"}],"replies":[{"embeddable":true,"href":"https:\/\/www.europesays.com\/fr\/wp-json\/wp\/v2\/comments?post=612651"}],"version-history":[{"count":0,"href":"https:\/\/www.europesays.com\/fr\/wp-json\/wp\/v2\/posts\/612651\/revisions"}],"wp:featuredmedia":[{"embeddable":true,"href":"https:\/\/www.europesays.com\/fr\/wp-json\/wp\/v2\/media\/612652"}],"wp:attachment":[{"href":"https:\/\/www.europesays.com\/fr\/wp-json\/wp\/v2\/media?parent=612651"}],"wp:term":[{"taxonomy":"category","embeddable":true,"href":"https:\/\/www.europesays.com\/fr\/wp-json\/wp\/v2\/categories?post=612651"},{"taxonomy":"post_tag","embeddable":true,"href":"https:\/\/www.europesays.com\/fr\/wp-json\/wp\/v2\/tags?post=612651"}],"curies":[{"name":"wp","href":"https:\/\/api.w.org\/{rel}","templated":true}]}}