{"id":612659,"date":"2025-12-20T23:25:15","date_gmt":"2025-12-20T23:25:15","guid":{"rendered":"https:\/\/www.europesays.com\/fr\/612659\/"},"modified":"2025-12-20T23:25:15","modified_gmt":"2025-12-20T23:25:15","slug":"le-racing-club-de-strasbourg-soffre-nantes-pour-les-fetes","status":"publish","type":"post","link":"https:\/\/www.europesays.com\/fr\/612659\/","title":{"rendered":"le\u00a0Racing Club de Strasbourg s\u2019offre Nantes pour les f\u00eates !"},"content":{"rendered":"<p>C\u2019est la Strasbourgeoise de naissance, L\u00e9a Khelifi, sous les couleurs nantaises qui allume la premi\u00e8re m\u00e8che qui finit loin du cadre (2e). Le ballon est dans les pieds des Jaunes et Vertes mais elles se heurtent dans un premier temps au bon bloc strasbourgeois qui met de l\u2019impact sous l\u2019impulsion de Chaney, Bonet et Tchakounte notamment.<\/p>\n<p>Les Nantaises trouvent malgr\u00e9 tout un premier un trou de souris quand Saoud est lanc\u00e9 sur la droite. Elle sert en retrait Calba qui r\u00e9alise le contr\u00f4le parfait pour se mettre en position id\u00e9ale mais son tir pied gauche face \u00e0 Wahl fuit le montant gauche (17e).<\/p>\n<p>&#8211; <a href=\"https:\/\/www.dna.fr\/sport\/classement\/football\/national-premiere-ligue-(f)\" target=\"_blank\" rel=\"noopener\">Le classement de la Division 1 f\u00e9minine<\/a><\/p>\n<p>&#8211; <a href=\"https:\/\/www.dna.fr\/sport\/equipe\/football\/national-premiere-ligue-(f)\/strasbourg\" target=\"_blank\" rel=\"noopener\">Le calendrier du Racing<\/a><\/p>\n<p>L\u2019\u00e9clair de Pinto<\/p>\n<p>Plus de 75\u00a0% de possession&#8230;<\/p>\n","protected":false},"excerpt":{"rendered":"C\u2019est la Strasbourgeoise de naissance, L\u00e9a Khelifi, sous les couleurs nantaises qui allume la premi\u00e8re m\u00e8che qui finit&hellip;\n","protected":false},"author":2,"featured_media":612660,"comment_status":"","ping_status":"","sticky":false,"template":"","format":"standard","meta":{"footnotes":""},"categories":[2820],"tags":[1111,11,2880,1777,674,107,63,1011,27,329,775,12,43577,25,517,640],"class_list":{"0":"post-612659","1":"post","2":"type-post","3":"status-publish","4":"format-standard","5":"has-post-thumbnail","7":"category-strasbourg","8":"tag-actu","9":"tag-actualites","10":"tag-edition-strasbourg","11":"tag-eu","12":"tag-europe","13":"tag-fil-info","14":"tag-football","15":"tag-fr","16":"tag-france","17":"tag-france-monde","18":"tag-grand-est","19":"tag-news","20":"tag-racing-club-strasbourg-feminin","21":"tag-republique-francaise","22":"tag-sport","23":"tag-strasbourg"},"share_on_mastodon":{"url":"https:\/\/pubeurope.com\/@fr\/115754482062737026","error":""},"_links":{"self":[{"href":"https:\/\/www.europesays.com\/fr\/wp-json\/wp\/v2\/posts\/612659","targetHints":{"allow":["GET"]}}],"collection":[{"href":"https:\/\/www.europesays.com\/fr\/wp-json\/wp\/v2\/posts"}],"about":[{"href":"https:\/\/www.europesays.com\/fr\/wp-json\/wp\/v2\/types\/post"}],"author":[{"embeddable":true,"href":"https:\/\/www.europesays.com\/fr\/wp-json\/wp\/v2\/users\/2"}],"replies":[{"embeddable":true,"href":"https:\/\/www.europesays.com\/fr\/wp-json\/wp\/v2\/comments?post=612659"}],"version-history":[{"count":0,"href":"https:\/\/www.europesays.com\/fr\/wp-json\/wp\/v2\/posts\/612659\/revisions"}],"wp:featuredmedia":[{"embeddable":true,"href":"https:\/\/www.europesays.com\/fr\/wp-json\/wp\/v2\/media\/612660"}],"wp:attachment":[{"href":"https:\/\/www.europesays.com\/fr\/wp-json\/wp\/v2\/media?parent=612659"}],"wp:term":[{"taxonomy":"category","embeddable":true,"href":"https:\/\/www.europesays.com\/fr\/wp-json\/wp\/v2\/categories?post=612659"},{"taxonomy":"post_tag","embeddable":true,"href":"https:\/\/www.europesays.com\/fr\/wp-json\/wp\/v2\/tags?post=612659"}],"curies":[{"name":"wp","href":"https:\/\/api.w.org\/{rel}","templated":true}]}}