{"id":61266,"date":"2025-04-29T07:47:16","date_gmt":"2025-04-29T07:47:16","guid":{"rendered":"https:\/\/www.europesays.com\/fr\/61266\/"},"modified":"2025-04-29T07:47:16","modified_gmt":"2025-04-29T07:47:16","slug":"un-adolescent-a-trottinette-renverse-par-un-automobiliste","status":"publish","type":"post","link":"https:\/\/www.europesays.com\/fr\/61266\/","title":{"rendered":"un adolescent \u00e0 trottinette renvers\u00e9 par un automobiliste"},"content":{"rendered":"<p itemprop=\"description\"><strong>Les circonstances de l&rsquo;accident restent \u00e0 \u00e9claircir.<\/strong><\/p>\n<p>Ce lundi apr\u00e8s-midi, vers 16h30, les pompiers sont intervenus \u00e0 l&rsquo;angle des rues Villon et Marius-Berliet dans le 8e arrondissement de Lyon. Ils ont pris en charge un adolescent de 15 ans qui circulait \u00e0 trottinette et qui avait \u00e9t\u00e9 renvers\u00e9 par un automobiliste.<\/p>\n<p>Bless\u00e9e \u00e0 la t\u00eate, la victime a \u00e9t\u00e9 hospitalis\u00e9e.<\/p>\n<p>Une enqu\u00eate a \u00e9t\u00e9 ouverte.<\/p>\n","protected":false},"excerpt":{"rendered":"Les circonstances de l&rsquo;accident restent \u00e0 \u00e9claircir. Ce lundi apr\u00e8s-midi, vers 16h30, les pompiers sont intervenus \u00e0 l&rsquo;angle&hellip;\n","protected":false},"author":2,"featured_media":61267,"comment_status":"","ping_status":"","sticky":false,"template":"","format":"standard","meta":{"footnotes":""},"categories":[1889],"tags":[1111,11,2813,2190,2430,1109,251,1112,2811,1777,674,118,1011,27,1922,1110,1114,2428,2810,12,241,316,25,2812,517,800],"class_list":{"0":"post-61266","1":"post","2":"type-post","3":"status-publish","4":"format-standard","5":"has-post-thumbnail","7":"category-lyon","8":"tag-actu","9":"tag-actualites","10":"tag-article","11":"tag-asvel","12":"tag-auvergne-rhone-alpes","13":"tag-breves","14":"tag-culture","15":"tag-depeches","16":"tag-economique","17":"tag-eu","18":"tag-europe","19":"tag-faits-divers","20":"tag-fr","21":"tag-france","22":"tag-info","23":"tag-informations","24":"tag-infos","25":"tag-lyon","26":"tag-lyonmag","27":"tag-news","28":"tag-ol","29":"tag-politique","30":"tag-republique-francaise","31":"tag-sociale","32":"tag-sport","33":"tag-transports"},"share_on_mastodon":{"url":"https:\/\/pubeurope.com\/@fr\/114420150670211283","error":""},"_links":{"self":[{"href":"https:\/\/www.europesays.com\/fr\/wp-json\/wp\/v2\/posts\/61266","targetHints":{"allow":["GET"]}}],"collection":[{"href":"https:\/\/www.europesays.com\/fr\/wp-json\/wp\/v2\/posts"}],"about":[{"href":"https:\/\/www.europesays.com\/fr\/wp-json\/wp\/v2\/types\/post"}],"author":[{"embeddable":true,"href":"https:\/\/www.europesays.com\/fr\/wp-json\/wp\/v2\/users\/2"}],"replies":[{"embeddable":true,"href":"https:\/\/www.europesays.com\/fr\/wp-json\/wp\/v2\/comments?post=61266"}],"version-history":[{"count":0,"href":"https:\/\/www.europesays.com\/fr\/wp-json\/wp\/v2\/posts\/61266\/revisions"}],"wp:featuredmedia":[{"embeddable":true,"href":"https:\/\/www.europesays.com\/fr\/wp-json\/wp\/v2\/media\/61267"}],"wp:attachment":[{"href":"https:\/\/www.europesays.com\/fr\/wp-json\/wp\/v2\/media?parent=61266"}],"wp:term":[{"taxonomy":"category","embeddable":true,"href":"https:\/\/www.europesays.com\/fr\/wp-json\/wp\/v2\/categories?post=61266"},{"taxonomy":"post_tag","embeddable":true,"href":"https:\/\/www.europesays.com\/fr\/wp-json\/wp\/v2\/tags?post=61266"}],"curies":[{"name":"wp","href":"https:\/\/api.w.org\/{rel}","templated":true}]}}