{"id":612661,"date":"2025-12-20T23:26:12","date_gmt":"2025-12-20T23:26:12","guid":{"rendered":"https:\/\/www.europesays.com\/fr\/612661\/"},"modified":"2025-12-20T23:26:12","modified_gmt":"2025-12-20T23:26:12","slug":"benjamin-berkoukchi-triomphe-sur-la-21%e1%b5%89-mounta-cala-la-course-nocturne-ce-samedi-soir-a-villefranche-sur-mer","status":"publish","type":"post","link":"https:\/\/www.europesays.com\/fr\/612661\/","title":{"rendered":"Benjamin Berkoukchi triomphe sur la 21\u1d49 Mounta Cala, la course nocturne ce samedi soir \u00e0 Villefranche-sur-Mer"},"content":{"rendered":"<p class=\"fs-5 \">La<strong> 21e \u00e9dition du trail de la Mounta Cala de Villefranche-sur-Mer<\/strong> s\u2019est tenue ce samedi soir, au d\u00e9part de la citadelle. Un plein d\u2019efforts avant les festivit\u00e9s de fin d\u2019ann\u00e9e ? Certainement. D\u2019autant plus que sur la ligne de d\u00e9part, on se croyait d\u00e9j\u00e0 \u00e0 No\u00ebl, pour une sorte de f\u00eate avant l\u2019heure. De nombreux coureurs de toute la r\u00e9gion se sont r\u00e9unis au point historique de la ville pour le 21e trail de la Mounta Cala, le deuxi\u00e8me en nocturne.<\/p>\n<p class=\"fs-5 \">Comme son nom l\u2019indique, les coureurs se sont pr\u00eat\u00e9s, tout au long du <strong>10km<\/strong>, \u00e0 <strong>des mont\u00e9es et descentes<\/strong> qui promettaient de chauffer les jambes. Au total, <strong>625 coureurs<\/strong> ont \u00e9t\u00e9 comptabilis\u00e9s au point de d\u00e9part, un chiffre en hausse depuis l\u2019ann\u00e9e derni\u00e8re. Chacun portait une frontale allum\u00e9e, une mani\u00e8re d\u2019illuminer la ville durant le parcours.<\/p>\n<p>                                                                                Une f\u00eate musicale tout le long de la soir\u00e9e<\/p>\n<p class=\"fs-5 \">Juste avant, 3<strong>50 personnes<\/strong>, bonnets de No\u00ebl viss\u00e9s sur la t\u00eate, parcouraient la ville <strong>sur un 5km en marche \u00e0 pied<\/strong>.<\/p>\n<p class=\"fs-5 \">Le 10km a \u00e9t\u00e9 remport\u00e9 par le coureur de Blausasc, <strong>Benjamin Berkoukchi<\/strong>, haut la main avec un temps de <strong>36\u201906\u2019\u2019.<\/strong><\/p>\n<p class=\"fs-5 \">Il a \u00e9t\u00e9, comme le reste des coureurs, largement acclam\u00e9 lors de son arriv\u00e9e au Village de la course. Apr\u00e8s les durs efforts, place au r\u00e9confort. L\u2019ensemble des personnes pr\u00e9sentes pour l\u2019occasion ont pu profiter d\u2019une f\u00eate musicale organis\u00e9e tout au long de la soir\u00e9e. \u00c7a sent bon No\u00ebl !<\/p>\n","protected":false},"excerpt":{"rendered":"La 21e \u00e9dition du trail de la Mounta Cala de Villefranche-sur-Mer s\u2019est tenue ce samedi soir, au d\u00e9part&hellip;\n","protected":false},"author":2,"featured_media":612662,"comment_status":"","ping_status":"","sticky":false,"template":"","format":"standard","meta":{"footnotes":""},"categories":[2819],"tags":[1111,11,1777,674,1011,27,12,2401,882,25],"class_list":{"0":"post-612661","1":"post","2":"type-post","3":"status-publish","4":"format-standard","5":"has-post-thumbnail","7":"category-nice","8":"tag-actu","9":"tag-actualites","10":"tag-eu","11":"tag-europe","12":"tag-fr","13":"tag-france","14":"tag-news","15":"tag-nice","16":"tag-provence-alpes-cote-dazur","17":"tag-republique-francaise"},"share_on_mastodon":{"url":"https:\/\/pubeurope.com\/@fr\/115754486005778526","error":""},"_links":{"self":[{"href":"https:\/\/www.europesays.com\/fr\/wp-json\/wp\/v2\/posts\/612661","targetHints":{"allow":["GET"]}}],"collection":[{"href":"https:\/\/www.europesays.com\/fr\/wp-json\/wp\/v2\/posts"}],"about":[{"href":"https:\/\/www.europesays.com\/fr\/wp-json\/wp\/v2\/types\/post"}],"author":[{"embeddable":true,"href":"https:\/\/www.europesays.com\/fr\/wp-json\/wp\/v2\/users\/2"}],"replies":[{"embeddable":true,"href":"https:\/\/www.europesays.com\/fr\/wp-json\/wp\/v2\/comments?post=612661"}],"version-history":[{"count":0,"href":"https:\/\/www.europesays.com\/fr\/wp-json\/wp\/v2\/posts\/612661\/revisions"}],"wp:featuredmedia":[{"embeddable":true,"href":"https:\/\/www.europesays.com\/fr\/wp-json\/wp\/v2\/media\/612662"}],"wp:attachment":[{"href":"https:\/\/www.europesays.com\/fr\/wp-json\/wp\/v2\/media?parent=612661"}],"wp:term":[{"taxonomy":"category","embeddable":true,"href":"https:\/\/www.europesays.com\/fr\/wp-json\/wp\/v2\/categories?post=612661"},{"taxonomy":"post_tag","embeddable":true,"href":"https:\/\/www.europesays.com\/fr\/wp-json\/wp\/v2\/tags?post=612661"}],"curies":[{"name":"wp","href":"https:\/\/api.w.org\/{rel}","templated":true}]}}