{"id":612663,"date":"2025-12-20T23:27:22","date_gmt":"2025-12-20T23:27:22","guid":{"rendered":"https:\/\/www.europesays.com\/fr\/612663\/"},"modified":"2025-12-20T23:27:22","modified_gmt":"2025-12-20T23:27:22","slug":"en-quete-dun-avant-centre-franck-haise-coach-dun-ogc-nice-dans-la-tourmente-a-pris-contact-avec-elye-wahi","status":"publish","type":"post","link":"https:\/\/www.europesays.com\/fr\/612663\/","title":{"rendered":"En qu\u00eate d\u2019un avant-centre, Franck Haise, coach d\u2019un OGC Nice dans la tourmente, a pris contact avec Elye Wahi"},"content":{"rendered":"<p class=\"fs-5 \"><a href=\"https:\/\/www.nicematin.com\/sports\/football\/volte-face-a-l-ogc-nice-annonce-sur-le-depart-le-coach-franck-haise-finalement-parti-pour-rester-10659263\" target=\"_blank\" rel=\"noopener\">Marqu\u00e9 par la mauvaise situation de son \u00e9quipe, Franck Haise<\/a> a tout de m\u00eame martel\u00e9 un discours combatif, vendredi en conf\u00e9rence de presse, lorsqu\u2019il a \u00e9t\u00e9 question du mercato et de son possible investissement sur la <strong>prise de contact avec les cibles.<\/strong><\/p>\n<p class=\"fs-5 \">\u00ab On sait qu\u2019on doit renforcer l\u2019effectif. Nos moyens sont limit\u00e9s mais \u00e7a ne veut pas dire qu\u2019il ne faut pas faire avancer les choses. Si je peux contribuer \u00e0 la demande de la direction sportive, je suis l\u00e0, je travaille avec les gars. \u00bb<\/p>\n<p>        <img src=\"https:\/\/www.europesays.com\/fr\/wp-content\/uploads\/2025\/12\/6cb44bf_upload-from-url-1-j7gtk1p3vldw-data-art-16819854.jpg\"   loading=\"lazy\" decoding=\"async\" alt=\"\" class=\"img-fluid position-absolute w-100 object-fit-cover rounded-2\" width=\"600\" height=\"400\"\/><\/p>\n<p class=\"fs-5 \">C\u2019est le cas dans le dossier d\u2019<strong>Elye Wahi, en \u00e9chec depuis son transfert \u00e0 Francfort<\/strong> en janvier dernier pour <strong>26 millions d\u2019euros (<\/strong>1 but, 3 passes en 25 apparitions). Sous l\u2019impulsion de Florian Maurice, s\u00e9duit par le profil de l\u2019attaquant n\u00e9 en 2003 et les modalit\u00e9s de pr\u00eat avec seulement une partie du salaire \u00e0 prendre en charge, Franck Haise a r\u00e9cemment appel\u00e9 le joueur qu\u2019il avait entra\u00een\u00e9 \u00e0 Lens (12 buts, 4 passes en 2023-24).<\/p>\n<p class=\"fs-5 \">L\u2019ancien Marseillais serait s\u00e9duit par l\u2019opportunit\u00e9 de rejoindre Nice, mais il resterait \u00e0 trouver un alignement g\u00e9n\u00e9ral avec la nouvelle pr\u00e9sidence ni\u00e7oise dans un dossier qui pose question sur le plan de la personnalit\u00e9. Les dirigeants ne veulent plus se tromper cet hiver.<\/p>\n<p>                                                                                Un d\u00e9fenseur central exp\u00e9riment\u00e9 esp\u00e9r\u00e9<\/p>\n<p class=\"fs-5 \">\u00ab On va voir les possibilit\u00e9s du club, il y a un certain nombre d&rsquo;\u00e9l\u00e9ments que je ne connais pas. Je n\u2019ai notamment aucune garantie sur le retour de blessure des centraux, \u00bb a par ailleurs expliqu\u00e9 le technicien azur\u00e9en quant \u00e0 ses besoins, fixant \u00e0 fin janvier \u00ab a minima \u00bb une \u00e9ventuelle reprise de l\u2019entra\u00eenement pour Youssouf Ndayishimiye, d\u00e9sormais le plus en avance dans la r\u00e9\u00e9ducation par rapport \u00e0 Abdelmonem et Bombito.<\/p>\n<p class=\"fs-5 \">Une situation qui encourage l\u2019\u00e9tat-major ni\u00e7ois \u00e0 surveiller la possibilit\u00e9 de r\u00e9cup\u00e9rer un d\u00e9fenseur central d\u2019exp\u00e9rience pour la deuxi\u00e8me partie de saison.<\/p>\n","protected":false},"excerpt":{"rendered":"Marqu\u00e9 par la mauvaise situation de son \u00e9quipe, Franck Haise a tout de m\u00eame martel\u00e9 un discours combatif,&hellip;\n","protected":false},"author":2,"featured_media":612664,"comment_status":"","ping_status":"","sticky":false,"template":"","format":"standard","meta":{"footnotes":""},"categories":[2819],"tags":[1111,11,1777,674,1011,27,12,2401,54521,882,25],"class_list":{"0":"post-612663","1":"post","2":"type-post","3":"status-publish","4":"format-standard","5":"has-post-thumbnail","7":"category-nice","8":"tag-actu","9":"tag-actualites","10":"tag-eu","11":"tag-europe","12":"tag-fr","13":"tag-france","14":"tag-news","15":"tag-nice","16":"tag-ogcnice","17":"tag-provence-alpes-cote-dazur","18":"tag-republique-francaise"},"share_on_mastodon":{"url":"https:\/\/pubeurope.com\/@fr\/115754490588347487","error":""},"_links":{"self":[{"href":"https:\/\/www.europesays.com\/fr\/wp-json\/wp\/v2\/posts\/612663","targetHints":{"allow":["GET"]}}],"collection":[{"href":"https:\/\/www.europesays.com\/fr\/wp-json\/wp\/v2\/posts"}],"about":[{"href":"https:\/\/www.europesays.com\/fr\/wp-json\/wp\/v2\/types\/post"}],"author":[{"embeddable":true,"href":"https:\/\/www.europesays.com\/fr\/wp-json\/wp\/v2\/users\/2"}],"replies":[{"embeddable":true,"href":"https:\/\/www.europesays.com\/fr\/wp-json\/wp\/v2\/comments?post=612663"}],"version-history":[{"count":0,"href":"https:\/\/www.europesays.com\/fr\/wp-json\/wp\/v2\/posts\/612663\/revisions"}],"wp:featuredmedia":[{"embeddable":true,"href":"https:\/\/www.europesays.com\/fr\/wp-json\/wp\/v2\/media\/612664"}],"wp:attachment":[{"href":"https:\/\/www.europesays.com\/fr\/wp-json\/wp\/v2\/media?parent=612663"}],"wp:term":[{"taxonomy":"category","embeddable":true,"href":"https:\/\/www.europesays.com\/fr\/wp-json\/wp\/v2\/categories?post=612663"},{"taxonomy":"post_tag","embeddable":true,"href":"https:\/\/www.europesays.com\/fr\/wp-json\/wp\/v2\/tags?post=612663"}],"curies":[{"name":"wp","href":"https:\/\/api.w.org\/{rel}","templated":true}]}}