{"id":612665,"date":"2025-12-20T23:28:18","date_gmt":"2025-12-20T23:28:18","guid":{"rendered":"https:\/\/www.europesays.com\/fr\/612665\/"},"modified":"2025-12-20T23:28:18","modified_gmt":"2025-12-20T23:28:18","slug":"un-vrai-jardin-de-chateau-a-nantes-le-nouveau-jardin-duchesse-anne-a-pris-la-place-du","status":"publish","type":"post","link":"https:\/\/www.europesays.com\/fr\/612665\/","title":{"rendered":"\u00ab\u00a0Un vrai jardin de ch\u00e2teau\u00a0\u00bb\u00a0: \u00e0 Nantes, le nouveau jardin Duchesse-Anne a pris la place du"},"content":{"rendered":"<p>Il faudra attendre les beaux jours pour que le nouveau jardin de Nantes donne sa pleine mesure. Mais c\u2019est au seuil de l\u2019hiver qu\u2019il a \u00e9t\u00e9 baptis\u00e9, ce samedi 20\u00a0d\u00e9cembre. Au pied du Ch\u00e2teau des Ducs, \u00e0 l\u2019ombre de la Tour Lu, l\u2019ancien parking a mut\u00e9 en verdure.<\/p>\n<p>Pour cette situation exceptionnelle, il fallait beaucoup de classe. C\u2019est donc un jardin \u00e0 la fran\u00e7aise qui se d\u00e9ploie en contrebas d\u2019une esplanade qui pourra se transformer en sc\u00e8ne, \u00e0 l\u2019occasion. <strong>\u00ab\u00a0Un vrai jardin de ch\u00e2teau\u00a0\u00bb,<\/strong> r\u00e9sume Christophe Cozette, le paysagiste de l\u2019agence Phytolab, qui s\u2019est charg\u00e9 du projet de transformation. Il y a m\u00eame une vigne, <strong>\u00ab\u00a0on pourra y faire du vin\u00a0\u00bb<\/strong>, s\u2019amuse l\u2019homme de l\u2019art.<\/p>\n<p>En lisi\u00e8re de la station de tram, l\u2019arriv\u00e9e sur le jardin invite \u00e0 <strong>\u00ab\u00a0calmer le jeu\u00a0\u00bb,<\/strong> reprend-il. La foule hyperactive, les gens press\u00e9s pourront se laisser happer par l\u2019explosion verte et fleurie d\u00e8s le printemps venu. La surface plant\u00e9e, de presque 3000 m\u00b2, compte vingt-deux arbres et huit mille plantes vivaces.<\/p>\n<p>\u00a0<\/p>\n","protected":false},"excerpt":{"rendered":"Il faudra attendre les beaux jours pour que le nouveau jardin de Nantes donne sa pleine mesure. Mais&hellip;\n","protected":false},"author":2,"featured_media":612666,"comment_status":"","ping_status":"","sticky":false,"template":"","format":"standard","meta":{"footnotes":""},"categories":[2818],"tags":[1111,11,4811,72261,1777,674,1011,27,3354,766,12,4565,16025,2636,6342,5536,17907,25,17151],"class_list":{"0":"post-612665","1":"post","2":"type-post","3":"status-publish","4":"format-standard","5":"has-post-thumbnail","7":"category-nantes","8":"tag-actu","9":"tag-actualites","10":"tag-chateau","11":"tag-duchesse-anne","12":"tag-eu","13":"tag-europe","14":"tag-fr","15":"tag-france","16":"tag-jardin","17":"tag-nantes","18":"tag-news","19":"tag-nouveau","20":"tag-parking","21":"tag-pays-de-la-loire","22":"tag-pied","23":"tag-place","24":"tag-pris","25":"tag-republique-francaise","26":"tag-vrai"},"share_on_mastodon":{"url":"https:\/\/pubeurope.com\/@fr\/115754493866511973","error":""},"_links":{"self":[{"href":"https:\/\/www.europesays.com\/fr\/wp-json\/wp\/v2\/posts\/612665","targetHints":{"allow":["GET"]}}],"collection":[{"href":"https:\/\/www.europesays.com\/fr\/wp-json\/wp\/v2\/posts"}],"about":[{"href":"https:\/\/www.europesays.com\/fr\/wp-json\/wp\/v2\/types\/post"}],"author":[{"embeddable":true,"href":"https:\/\/www.europesays.com\/fr\/wp-json\/wp\/v2\/users\/2"}],"replies":[{"embeddable":true,"href":"https:\/\/www.europesays.com\/fr\/wp-json\/wp\/v2\/comments?post=612665"}],"version-history":[{"count":0,"href":"https:\/\/www.europesays.com\/fr\/wp-json\/wp\/v2\/posts\/612665\/revisions"}],"wp:featuredmedia":[{"embeddable":true,"href":"https:\/\/www.europesays.com\/fr\/wp-json\/wp\/v2\/media\/612666"}],"wp:attachment":[{"href":"https:\/\/www.europesays.com\/fr\/wp-json\/wp\/v2\/media?parent=612665"}],"wp:term":[{"taxonomy":"category","embeddable":true,"href":"https:\/\/www.europesays.com\/fr\/wp-json\/wp\/v2\/categories?post=612665"},{"taxonomy":"post_tag","embeddable":true,"href":"https:\/\/www.europesays.com\/fr\/wp-json\/wp\/v2\/tags?post=612665"}],"curies":[{"name":"wp","href":"https:\/\/api.w.org\/{rel}","templated":true}]}}