{"id":612671,"date":"2025-12-20T23:32:31","date_gmt":"2025-12-20T23:32:31","guid":{"rendered":"https:\/\/www.europesays.com\/fr\/612671\/"},"modified":"2025-12-20T23:32:31","modified_gmt":"2025-12-20T23:32:31","slug":"coupe-de-france-le-puy-bordeaux-est-classe-match-sensible-par-les-autorites","status":"publish","type":"post","link":"https:\/\/www.europesays.com\/fr\/612671\/","title":{"rendered":"Coupe de France : Le Puy &#8211; Bordeaux est class\u00e9 \u00ab\u00a0match sensible\u00a0\u00bb par les autorit\u00e9s"},"content":{"rendered":"<p><img decoding=\"async\" src=\"https:\/\/www.europesays.com\/fr\/wp-content\/uploads\/2025\/09\/671_bf8b52ad967991f4a124242c2300938b.jpg\" alt=\"Coupe de France : Le Puy - Bordeaux est class\u00e9 &quot;match sensible&quot; par les autorit\u00e9s\" class=\"img-responsive mt-3\"\/><\/p>\n<p class=\"text-center mb-3\" style=\"font-size: 14px\">\u00a9 Iconsport<\/p>\n<p>      <strong>S\u00e9curit\u00e9 renforc\u00e9e au stade Massot pour Le Puy &#8211; Girondins de Bordeaux<\/strong><\/p>\n<p style=\"text-align: justify;\">Les Girondins de Bordeaux s&rsquo;appr\u00eatent \u00e0 d\u00e9fier Le Puy Foot 43 Auvergne ce dimanche (17h30) pour une place en 16e de finale de la Coupe de France. Si l&rsquo;enjeu est sportif, les regards se tournent \u00e9galement vers les tribunes du stade Massot. Avec plus de 3 000 spectateurs attendus, dont environ 300 supporters bordelais, la pr\u00e9fecture a class\u00e9 la rencontre comme \u00ab\u00a0sensible\u00a0\u00bb indique le m\u00e9dia La <a href=\"https:\/\/www.lacommere43.fr\/\" target=\"_blank\" rel=\"noopener\">Comm\u00e8re 43<\/a>.<\/p>\n<p><strong>Les raisons de la vigilance : rivalit\u00e9s internes et amiti\u00e9s st\u00e9phanoises<\/strong><\/p>\n<p style=\"text-align: justify;\">Ce n&rsquo;est pas tant l&rsquo;opposition entre les deux clubs qui inqui\u00e8te, mais plut\u00f4t la composition du parcage visiteur. Les autorit\u00e9s pointent du doigt deux facteurs de risque :<\/p>\n<p style=\"text-align: justify;\">&#8211; La rivalit\u00e9 entre ultras bordelais : La cohabitation entre les sections Northgate et les Ultramarines (UB87) reste un sujet de surveillance \u00e9troite.<\/p>\n<p style=\"text-align: justify;\">&#8211; L&rsquo;amiti\u00e9 UB87 &#8211; Magicfans : La proximit\u00e9 g\u00e9ographique du Puy avec Saint-\u00c9tienne laisse craindre la pr\u00e9sence de membres des Magicfans (amis historiques des UB87), ce qui pourrait accro\u00eetre les tensions en cas de rencontre avec d&rsquo;autres groupes.<\/p>\n<p><strong>Un dispositif de s\u00e9curit\u00e9 strict pour les supporters du FCGB<\/strong><\/p>\n<p style=\"text-align: justify;\">Pour \u00e9viter tout incident, la pr\u00e9fecture a pris plusieurs mesures radicales via un arr\u00eat\u00e9 pr\u00e9fectoral :<\/p>\n<p style=\"text-align: justify;\">&#8211; Encadrement et escorte : Les supporters bordelais seront escort\u00e9s par les forces de l&rsquo;ordre jusqu&rsquo;au stade.<\/p>\n<p style=\"text-align: justify;\">&#8211; Secteurs s\u00e9par\u00e9s : Dans l&rsquo;enceinte, les diff\u00e9rentes sections seront plac\u00e9es dans des secteurs distincts pour \u00e9viter les frictions.<\/p>\n<p style=\"text-align: justify;\">&#8211; Interdiction de d\u00e9ambulation : Tout supporter se revendiquant des Girondins a l&rsquo;interdiction de circuler en centre-ville du Puy-en-Velay ou dans les communes limitrophes.<\/p>\n<p style=\"text-align: justify;\">&#8211; Renforts policiers : Une compagnie r\u00e9publicaine de s\u00e9curit\u00e9 (CRS) et des renforts zonaux seront d\u00e9ploy\u00e9s pour soutenir les effectifs locaux.<\/p>\n<p style=\"text-align: justify;\">Par ailleurs, l&rsquo;usage de fumig\u00e8nes et d&rsquo;articles pyrotechniques est strictement interdit aux abords du stade. Le club du Puy a \u00e9galement renforc\u00e9 son \u00e9quipe de stadiers professionnels pour assurer le bon d\u00e9roulement de cette f\u00eate du football qui, malgr\u00e9 les contraintes, s&rsquo;annonce \u00e9lectrique.<\/p>\n<p style=\"text-align: justify;\">La <a href=\"https:\/\/www.webgirondins.com\/actualite-girondins-le-puy-bordeaux-sur-quelle-chaine-et-comment-regarder-le-match-des-girondins-en-coupe-de-france-131510\" target=\"_blank\" rel=\"noopener\">rencontre de Coupe de France est diffus\u00e9e sur beIN SPORTS MAX<\/a>.<\/p>\n<p class=\"px-0\">\u00c0 lire : <strong><a href=\"https:\/\/www.webgirondins.com\/actualite-girondins-girondins-un-an-de-suspension-pour-wilfrid-rastoll-apres-son-craquage-en-coupe-de-france-131558\" target=\"_blank\" rel=\"noopener\">un an de suspension pour Wilfrid Rastoll apr\u00e8s son craquage en Coupe de France<\/a><\/strong><\/p>\n<p>Notre podcast court sur l&rsquo;actu des Girondins :<\/p>\n<p>\u00a0<\/p>\n","protected":false},"excerpt":{"rendered":"\u00a9 Iconsport S\u00e9curit\u00e9 renforc\u00e9e au stade Massot pour Le Puy &#8211; Girondins de Bordeaux Les Girondins de Bordeaux&hellip;\n","protected":false},"author":2,"featured_media":403202,"comment_status":"","ping_status":"","sticky":false,"template":"","format":"standard","meta":{"footnotes":""},"categories":[2817],"tags":[1111,11,11592,1997,19406,615,6664,2834,1777,674,2396,2257,1011,27,1987,955,12,2219,9622,25,35446],"class_list":{"0":"post-612671","1":"post","2":"type-post","3":"status-publish","4":"format-standard","5":"has-post-thumbnail","7":"category-bordeaux","8":"tag-actu","9":"tag-actualites","10":"tag-autorites","11":"tag-bordeaux","12":"tag-classe","13":"tag-coupe","14":"tag-dimanche","15":"tag-entre","16":"tag-eu","17":"tag-europe","18":"tag-finale","19":"tag-foot","20":"tag-fr","21":"tag-france","22":"tag-girondins","23":"tag-match","24":"tag-news","25":"tag-nouvelle-aquitaine","26":"tag-prevu","27":"tag-republique-francaise","28":"tag-sensible"},"share_on_mastodon":{"url":"https:\/\/pubeurope.com\/@fr\/115754509623012202","error":""},"_links":{"self":[{"href":"https:\/\/www.europesays.com\/fr\/wp-json\/wp\/v2\/posts\/612671","targetHints":{"allow":["GET"]}}],"collection":[{"href":"https:\/\/www.europesays.com\/fr\/wp-json\/wp\/v2\/posts"}],"about":[{"href":"https:\/\/www.europesays.com\/fr\/wp-json\/wp\/v2\/types\/post"}],"author":[{"embeddable":true,"href":"https:\/\/www.europesays.com\/fr\/wp-json\/wp\/v2\/users\/2"}],"replies":[{"embeddable":true,"href":"https:\/\/www.europesays.com\/fr\/wp-json\/wp\/v2\/comments?post=612671"}],"version-history":[{"count":0,"href":"https:\/\/www.europesays.com\/fr\/wp-json\/wp\/v2\/posts\/612671\/revisions"}],"wp:featuredmedia":[{"embeddable":true,"href":"https:\/\/www.europesays.com\/fr\/wp-json\/wp\/v2\/media\/403202"}],"wp:attachment":[{"href":"https:\/\/www.europesays.com\/fr\/wp-json\/wp\/v2\/media?parent=612671"}],"wp:term":[{"taxonomy":"category","embeddable":true,"href":"https:\/\/www.europesays.com\/fr\/wp-json\/wp\/v2\/categories?post=612671"},{"taxonomy":"post_tag","embeddable":true,"href":"https:\/\/www.europesays.com\/fr\/wp-json\/wp\/v2\/tags?post=612671"}],"curies":[{"name":"wp","href":"https:\/\/api.w.org\/{rel}","templated":true}]}}