{"id":612678,"date":"2025-12-20T23:37:12","date_gmt":"2025-12-20T23:37:12","guid":{"rendered":"https:\/\/www.europesays.com\/fr\/612678\/"},"modified":"2025-12-20T23:37:12","modified_gmt":"2025-12-20T23:37:12","slug":"un-homme-abattu-a-la-kalachnikov-dans-le-14e-arrondissement-de-marseille-un-autre-blesse","status":"publish","type":"post","link":"https:\/\/www.europesays.com\/fr\/612678\/","title":{"rendered":"Un homme abattu \u00e0 la kalachnikov dans le 14e arrondissement de Marseille, un autre bless\u00e9"},"content":{"rendered":"<p>Il est tout juste 21h, ce soir du samedi 20\u00a0d\u00e9cembre 2025, lorsqu\u2019une voiture s\u2019arr\u00eate sur l\u2019avenue Raimu, entre les quartiers du Mail et de la Busserine, dans le 14e arrondissement de <a href=\"https:\/\/www.laprovence.com\/bouches-du-rhone\/marseille-13055\" target=\"_blank\" rel=\"noopener\">Marseille<\/a>.<\/p>\n<p>Un <strong>homme arm\u00e9 d\u2019une kalachnikov<\/strong> remonte un petit escalier d\u2019une dizaine de marches qui donne sur un parking et un snack-r\u00f4tisserie situ\u00e9s sous <a href=\"https:\/\/www.laprovence.com\/article\/faits-divers-justice\/6479984146466314\/la-drogue-devait-etre-ventilee-sur-la-cite-du-mail-pres-de-3-5-kg-de-cocaine-saisis-par-la-police-a-marseille\" target=\"_blank\" rel=\"noopener\">la cit\u00e9 du Mail<\/a>. Il ouvre alors le feu sur un jeune homme qui se trouve devant le commerce, \u00e0 quelques m\u00e8tres de lui seulement.<\/p>\n<p>Un d\u00e9tour par la Busserine<\/p>\n<p>Atteinte \u00e0 au moins <strong>quatre reprises par des balles de calibre 7,62mm<\/strong>, la victime s\u2019effondre, tandis que le tireur prend la fuite. La voiture repart sur quelques dizaines de m\u00e8tres mais elle tourne \u00e0 droite, rue Mahboubi-Tir, et entre dans le <a href=\"https:\/\/laprovence.com\/article\/politique\/65952028229020\/video-a-la-busserine-le-coup-de-gueule-des-representants-des-parents-deleves-et-des-personnels\" target=\"_blank\" rel=\"noopener\"><strong>quartier de la Busserine<\/strong><\/a>.<\/p>\n<p><strong>Plusieurs tirs de kalachnikov <\/strong>retentissent alors \u00e0 nouveau au niveau des snacks du quartier. Les assaillants repartent cette fois en direction du 13e arrondissement o\u00f9 leur v\u00e9hicule sera retrouv\u00e9 incendi\u00e9 un peu plus tard, non loin du <strong>Parc Corot.<\/strong><\/p>\n<p>\u00c0 l\u2019arriv\u00e9e des marins-pompiers, l\u2019homme pris pour cible est d\u00e9j\u00e0 en arr\u00eat cardiaque. Malgr\u00e9 les efforts de l\u2019\u00e9quipe du Smur, le m\u00e9decin ne peut que d\u00e9clarer le d\u00e9c\u00e8s de ce jeune homme de 22\u00a0ans.<\/p>\n<p>Une victime d\u00e9j\u00e0 tr\u00e8s connue des services de police<\/p>\n<p>Pr\u00e8s d\u2019une dizaine d\u2019enqu\u00eateurs de permanence de la division de la criminalit\u00e9 organis\u00e9e et sp\u00e9cialis\u00e9e (DCOS, ex-PJ) de Marseille et les effectifs du service de nuit d\u00e9partemental, ainsi que les techniciens de la police scientifique sont d\u00e9ploy\u00e9s sur la sc\u00e8ne de crime, qui s\u2019\u00e9tend sur les quartiers du Mail, o\u00f9 se trouve le corps de la victime, et de la Busserine, o\u00f9 une deuxi\u00e8me victime appara\u00eet au cours de la soir\u00e9e.<\/p>\n<p>En effet, un jeune homme de 21\u00a0ans, inconnu des services de police, s\u2019est entre-temps <strong>pr\u00e9sent\u00e9 aux urgences d\u2019un h\u00f4pital marseillais <\/strong>avec une blessure par balle, indiquant qu\u2019il avait \u00e9t\u00e9 touch\u00e9 dans le 14e arrondissement. Toutefois, son pronostic vital n\u2019est pas engag\u00e9.<\/p>\n<p>L\u2019homme abattu par le commando, originaire du 13e arrondissement, \u00e9tait, en revanche, tr\u00e8s d\u00e9favorablement connu des services de police, pour des faits li\u00e9s <a href=\"https:\/\/laprovence.com\/article\/faits-divers-justice\/6586463\/caids-marseillais-les-dessous-de-la-grande-traque.html\" target=\"_blank\" rel=\"noopener\"><strong>au trafic de stup\u00e9fiants<\/strong><\/a>, ainsi que pour infraction \u00e0 la l\u00e9gislation sur les armes.<\/p>\n<p>Un profil, qui au-del\u00e0 de la localisation de la sc\u00e8ne de crime, non loin du point de deal de la cit\u00e9 du Mail, laisse d\u2019embl\u00e9e privil\u00e9gier la piste d\u2019un nouveau \u00ab\u00a0narcomicide\u00a0\u00bb.<\/p>\n","protected":false},"excerpt":{"rendered":"Il est tout juste 21h, ce soir du samedi 20\u00a0d\u00e9cembre 2025, lorsqu\u2019une voiture s\u2019arr\u00eate sur l\u2019avenue Raimu, entre&hellip;\n","protected":false},"author":2,"featured_media":612679,"comment_status":"","ping_status":"","sticky":false,"template":"","format":"standard","meta":{"footnotes":""},"categories":[2814],"tags":[7788,17,5943,1111,11,3869,1446,1777,674,274,1011,27,4933,10909,884,12,882,25],"class_list":{"0":"post-612678","1":"post","2":"type-post","3":"status-publish","4":"format-standard","5":"has-post-thumbnail","7":"category-marseille","8":"tag-14e","9":"tag-17","10":"tag-abattu","11":"tag-actu","12":"tag-actualites","13":"tag-arrondissement","14":"tag-dans","15":"tag-eu","16":"tag-europe","17":"tag-faits-divers-justice","18":"tag-fr","19":"tag-france","20":"tag-homme","21":"tag-kalachnikov","22":"tag-marseille","23":"tag-news","24":"tag-provence-alpes-cote-dazur","25":"tag-republique-francaise"},"share_on_mastodon":{"url":"https:\/\/pubeurope.com\/@fr\/115754529275087849","error":""},"_links":{"self":[{"href":"https:\/\/www.europesays.com\/fr\/wp-json\/wp\/v2\/posts\/612678","targetHints":{"allow":["GET"]}}],"collection":[{"href":"https:\/\/www.europesays.com\/fr\/wp-json\/wp\/v2\/posts"}],"about":[{"href":"https:\/\/www.europesays.com\/fr\/wp-json\/wp\/v2\/types\/post"}],"author":[{"embeddable":true,"href":"https:\/\/www.europesays.com\/fr\/wp-json\/wp\/v2\/users\/2"}],"replies":[{"embeddable":true,"href":"https:\/\/www.europesays.com\/fr\/wp-json\/wp\/v2\/comments?post=612678"}],"version-history":[{"count":0,"href":"https:\/\/www.europesays.com\/fr\/wp-json\/wp\/v2\/posts\/612678\/revisions"}],"wp:featuredmedia":[{"embeddable":true,"href":"https:\/\/www.europesays.com\/fr\/wp-json\/wp\/v2\/media\/612679"}],"wp:attachment":[{"href":"https:\/\/www.europesays.com\/fr\/wp-json\/wp\/v2\/media?parent=612678"}],"wp:term":[{"taxonomy":"category","embeddable":true,"href":"https:\/\/www.europesays.com\/fr\/wp-json\/wp\/v2\/categories?post=612678"},{"taxonomy":"post_tag","embeddable":true,"href":"https:\/\/www.europesays.com\/fr\/wp-json\/wp\/v2\/tags?post=612678"}],"curies":[{"name":"wp","href":"https:\/\/api.w.org\/{rel}","templated":true}]}}