{"id":612683,"date":"2025-12-20T23:40:13","date_gmt":"2025-12-20T23:40:13","guid":{"rendered":"https:\/\/www.europesays.com\/fr\/612683\/"},"modified":"2025-12-20T23:40:13","modified_gmt":"2025-12-20T23:40:13","slug":"le-stade-toulousain-va-etre-champion-a-la-fin-de-la-saison-le-manager-de-lyon-karim-ghezal-en-est-convaincu","status":"publish","type":"post","link":"https:\/\/www.europesays.com\/fr\/612683\/","title":{"rendered":"\u00ab\u00a0Le Stade Toulousain va \u00eatre champion \u00e0 la fin de la saison\u00a0\u00bb Le manager de Lyon, Karim Ghezal, en est convaincu"},"content":{"rendered":"<p>\n                                                                    l&rsquo;essentiel<br \/>\n                                                                Les Toulousains ont largement domin\u00e9 Lyon qui a craqu\u00e9 en seconde p\u00e9riode (19-41). Et le manager du Lou n\u2019y est pas all\u00e9 par quatre chemins pour expliquer le niveau qui s\u00e9parait les deux \u00e9quipes.\n                            <\/p>\n<p>Karim Ghezal n\u2019y est pas all\u00e9 par quatre chemins. Au moment de d\u00e9briefer la d\u00e9faite de ses joueurs face \u00e0 Toulouse, samedi 20\u00a0d\u00e9cembre, le manager gersois de Lyon l\u2019a r\u00e9p\u00e9t\u00e9\u00a0: \u00ab\u00a0On n\u2019est pas du tout invit\u00e9\u00a0avec le Stade Toulousain quand ils sont \u00e9nerv\u00e9s. Aujourd\u2019hui, ils sont intouchables.\u00a0\u00bb Il faut dire que ses joueurs, malgr\u00e9 une folle d\u00e9bauche d\u2019\u00e9nergie en d\u00e9fense, ont finalement \u00e9t\u00e9 surclass\u00e9s et ont encaiss\u00e9 sept essais.<\/p>\n<p class=\"std-elt__inline\">\n        <strong>\u00c0 lire aussi :<\/strong><br \/>\n        <a href=\"https:\/\/www.ladepeche.fr\/2025\/12\/20\/stade-toulousain-tout-le-monde-nous-degueule-dessus-apres-la-victoire-face-a-lyon-ugo-mola-cash-sur-les-critiques-recues-13123682.php\" target=\"_blank\" rel=\"noopener\">Stade Toulousain\u00a0: \u00ab\u00a0Tout le monde nous d\u00e9gueule dessus\u2026\u00a0\u00bb Apr\u00e8s la victoire face \u00e0 Lyon, Ugo Mola cash sur les critiques re\u00e7ues<\/a>\n    <\/p>\n<p>Et pour Ghezal, \u00e7a ne fait aucun doute, Toulouse va remporter le Brennus cette saison. \u00ab\u00a0On s\u2019est envoy\u00e9\u00a0avec nos armes. Je leur ai dit d\u2019\u00eatre fiers de jouer au Lou rugby. Aujourd\u2019hui on joue une \u00e9quipe qui a gagn\u00e9 5 titres sur les 6 derniers mis en jeu, et je peux vous le dire, il n\u2019y aura pas trop de suspense cette ann\u00e9e encore. Ce\u00a0seront eux qui seront champions en fin de saison. Ils iront chercher un 6e titre en 7 ans. Voil\u00e0, on sait que cette \u00e9quipe est aujourd\u2019hui\u00a0intouchable\u00a0\u00bb, a-t-il lanc\u00e9 en conf\u00e9rence de presse d\u2019apr\u00e8s match.<\/p>\n<p>Apr\u00e8s la rencontre, le Lou est 12e du Top 14 tandis que le Stade Toulousain est \u00e0 \u00e9galit\u00e9 de point avec la Section Paloise en t\u00eate du championnat.<\/p>\n","protected":false},"excerpt":{"rendered":"l&rsquo;essentiel Les Toulousains ont largement domin\u00e9 Lyon qui a craqu\u00e9 en seconde p\u00e9riode (19-41). Et le manager du&hellip;\n","protected":false},"author":2,"featured_media":612684,"comment_status":"","ping_status":"","sticky":false,"template":"","format":"standard","meta":{"footnotes":""},"categories":[1889],"tags":[1111,11,2430,1777,674,1011,27,2722,2428,12,25,68796,517,476,2312],"class_list":{"0":"post-612683","1":"post","2":"type-post","3":"status-publish","4":"format-standard","5":"has-post-thumbnail","7":"category-lyon","8":"tag-actu","9":"tag-actualites","10":"tag-auvergne-rhone-alpes","11":"tag-eu","12":"tag-europe","13":"tag-fr","14":"tag-france","15":"tag-haute-garonne","16":"tag-lyon","17":"tag-news","18":"tag-republique-francaise","19":"tag-rugby-u00e0-xv","20":"tag-sport","21":"tag-stade-toulousain","22":"tag-toulouse"},"share_on_mastodon":{"url":"https:\/\/pubeurope.com\/@fr\/115754540945004062","error":""},"_links":{"self":[{"href":"https:\/\/www.europesays.com\/fr\/wp-json\/wp\/v2\/posts\/612683","targetHints":{"allow":["GET"]}}],"collection":[{"href":"https:\/\/www.europesays.com\/fr\/wp-json\/wp\/v2\/posts"}],"about":[{"href":"https:\/\/www.europesays.com\/fr\/wp-json\/wp\/v2\/types\/post"}],"author":[{"embeddable":true,"href":"https:\/\/www.europesays.com\/fr\/wp-json\/wp\/v2\/users\/2"}],"replies":[{"embeddable":true,"href":"https:\/\/www.europesays.com\/fr\/wp-json\/wp\/v2\/comments?post=612683"}],"version-history":[{"count":0,"href":"https:\/\/www.europesays.com\/fr\/wp-json\/wp\/v2\/posts\/612683\/revisions"}],"wp:featuredmedia":[{"embeddable":true,"href":"https:\/\/www.europesays.com\/fr\/wp-json\/wp\/v2\/media\/612684"}],"wp:attachment":[{"href":"https:\/\/www.europesays.com\/fr\/wp-json\/wp\/v2\/media?parent=612683"}],"wp:term":[{"taxonomy":"category","embeddable":true,"href":"https:\/\/www.europesays.com\/fr\/wp-json\/wp\/v2\/categories?post=612683"},{"taxonomy":"post_tag","embeddable":true,"href":"https:\/\/www.europesays.com\/fr\/wp-json\/wp\/v2\/tags?post=612683"}],"curies":[{"name":"wp","href":"https:\/\/api.w.org\/{rel}","templated":true}]}}