{"id":612687,"date":"2025-12-20T23:44:13","date_gmt":"2025-12-20T23:44:13","guid":{"rendered":"https:\/\/www.europesays.com\/fr\/612687\/"},"modified":"2025-12-20T23:44:13","modified_gmt":"2025-12-20T23:44:13","slug":"real-madrid-seville-kylian-mbappe-egale-le-record-de-cristiano-ronaldo-avec-59-buts-en-2025","status":"publish","type":"post","link":"https:\/\/www.europesays.com\/fr\/612687\/","title":{"rendered":"Real Madrid-S\u00e9ville\u00a0: Kylian Mbapp\u00e9 \u00e9gale le record de Cristiano Ronaldo avec 59 buts en 2025"},"content":{"rendered":"<p class=\"paragraph text_align_left lp-f-body-02\">Il n\u2019avait plus qu\u2019une occasion pour tenter d\u2019\u00e9galer Cristiano Ronaldo, et il ne s\u2019est pas loup\u00e9. Ce samedi soir, face au FC S\u00e9ville en Liga, <a href=\"https:\/\/www.leparisien.fr\/sports\/football\/kylian-mbappe\/\" target=\"_blank\" rel=\"noreferrer noopener\">Kylian Mbapp\u00e9<\/a> a atteint la barre des 59 buts en 2025 et \u00e9gal\u00e9 le record du Portugais avec le club madril\u00e8ne, lui rendant hommage en imitant sa c\u00e9l\u00e9bration. Celui-ci datait de 2013, lorsque CR7 avait port\u00e9 les Merengues vers un nouveau sacre <a href=\"https:\/\/www.leparisien.fr\/sports\/football\/ligue-des-champions\/\" target=\"_blank\" rel=\"noreferrer noopener\">en Ligue des champions<\/a>.<\/p>\n<p class=\"\">Le bilan du Bondynois est exceptionnel, alors qu\u2019il n\u2019\u00e9tait arriv\u00e9 que depuis six mois au d\u00e9but de l\u2019ann\u00e9e 2025. Au total, il a inscrit 39 buts en Liga, 4 en Coupe du Roi, 14 en Ligue des champions et 2 en Coupe du monde des clubs. Cela repr\u00e9sente donc 59 buts au total en 59 rencontres. <a href=\"https:\/\/www.leparisien.fr\/sports\/football\/cristiano-ronaldo\/\" target=\"_blank\" rel=\"noreferrer noopener\">Cristiano Ronaldo<\/a> avait, lui atteint ce total en 50 rencontres seulement.<\/p>\n<p class=\"\">Si cet accomplissement ravira sans doute le capitaine de <a href=\"https:\/\/www.leparisien.fr\/sports\/football\/equipe-de-france\/\" target=\"_blank\" rel=\"noreferrer noopener\">l\u2019\u00e9quipe de France<\/a>, Kylian Mbapp\u00e9 voudra surtout remporter rapidement des titres. Depuis son arriv\u00e9e dans la capitale espagnole, l\u2019ancien attaquant <a href=\"https:\/\/www.leparisien.fr\/sports\/football\/psg\/\" target=\"_blank\" rel=\"noreferrer noopener\">du Paris Saint-Germain<\/a> s\u2019est content\u00e9 d\u2019une Supercoupe de l\u2019UEFA et d\u2019une Coupe intercontinentale, \u00e9chouant en finale de la Coupe d\u2019Espagne. En Liga, ils ont termin\u00e9 \u00e0 la 2e place derri\u00e8re les rivaux barcelonais.<\/p>\n<p class=\"\">Cette saison, les Merengues sont encore 2es du championnat derri\u00e8re les Catalans. En Ligue des champions, la qualification est dans la poche avec 12 points.<\/p>\n","protected":false},"excerpt":{"rendered":"Il n\u2019avait plus qu\u2019une occasion pour tenter d\u2019\u00e9galer Cristiano Ronaldo, et il ne s\u2019est pas loup\u00e9. Ce samedi&hellip;\n","protected":false},"author":2,"featured_media":612688,"comment_status":"","ping_status":"","sticky":false,"template":"","format":"standard","meta":{"footnotes":""},"categories":[1888],"tags":[1111,1928,11,1927,1777,674,63,1011,27,12,1926,626,1925,25,60],"class_list":{"0":"post-612687","1":"post","2":"type-post","3":"status-publish","4":"format-standard","5":"has-post-thumbnail","7":"category-paris","8":"tag-actu","9":"tag-actu-paris","10":"tag-actualites","11":"tag-actualites-paris","12":"tag-eu","13":"tag-europe","14":"tag-football","15":"tag-fr","16":"tag-france","17":"tag-news","18":"tag-news-paris","19":"tag-paris","20":"tag-paris-news","21":"tag-republique-francaise","22":"tag-sports"},"share_on_mastodon":{"url":"https:\/\/pubeurope.com\/@fr\/115754556799598769","error":""},"_links":{"self":[{"href":"https:\/\/www.europesays.com\/fr\/wp-json\/wp\/v2\/posts\/612687","targetHints":{"allow":["GET"]}}],"collection":[{"href":"https:\/\/www.europesays.com\/fr\/wp-json\/wp\/v2\/posts"}],"about":[{"href":"https:\/\/www.europesays.com\/fr\/wp-json\/wp\/v2\/types\/post"}],"author":[{"embeddable":true,"href":"https:\/\/www.europesays.com\/fr\/wp-json\/wp\/v2\/users\/2"}],"replies":[{"embeddable":true,"href":"https:\/\/www.europesays.com\/fr\/wp-json\/wp\/v2\/comments?post=612687"}],"version-history":[{"count":0,"href":"https:\/\/www.europesays.com\/fr\/wp-json\/wp\/v2\/posts\/612687\/revisions"}],"wp:featuredmedia":[{"embeddable":true,"href":"https:\/\/www.europesays.com\/fr\/wp-json\/wp\/v2\/media\/612688"}],"wp:attachment":[{"href":"https:\/\/www.europesays.com\/fr\/wp-json\/wp\/v2\/media?parent=612687"}],"wp:term":[{"taxonomy":"category","embeddable":true,"href":"https:\/\/www.europesays.com\/fr\/wp-json\/wp\/v2\/categories?post=612687"},{"taxonomy":"post_tag","embeddable":true,"href":"https:\/\/www.europesays.com\/fr\/wp-json\/wp\/v2\/tags?post=612687"}],"curies":[{"name":"wp","href":"https:\/\/api.w.org\/{rel}","templated":true}]}}