{"id":612693,"date":"2025-12-20T23:47:34","date_gmt":"2025-12-20T23:47:34","guid":{"rendered":"https:\/\/www.europesays.com\/fr\/612693\/"},"modified":"2025-12-20T23:47:34","modified_gmt":"2025-12-20T23:47:34","slug":"paris-en-famille-trois-sorties-qui-vont-epater-les-enfants-cet-hiver","status":"publish","type":"post","link":"https:\/\/www.europesays.com\/fr\/612693\/","title":{"rendered":"Paris en famille : trois sorties qui vont \u00e9pater les enfants cet hiver"},"content":{"rendered":"<p>Patiner sous la nef du Grand Palais<\/p>\n<p class=\"mb-4 text-lg md:leading-8 break-words\">Image<\/p>\n<p><img alt=\"\" loading=\"lazy\" width=\"480\" height=\"270\" decoding=\"async\" data-nimg=\"1\" class=\"rounded-lg\" style=\"color:transparent\" src=\"https:\/\/www.europesays.com\/fr\/wp-content\/uploads\/2025\/12\/00f6886c215c424635da12c1eb8e2437.jpeg\"\/><\/p>\n<p class=\"mb-4 text-lg md:leading-8 break-words\"> Paris en famille : trois sorties qui vont \u00e9pater les enfants   \u00a9 DR <\/p>\n<p class=\"mb-4 text-lg md:leading-8 break-words\">Tout Paris en parle. Sous la nef monumentale du Grand Palais, cette patinoire s\u2019impose comme l\u2019\u00e9v\u00e9nement de la saison. Jamais une patinoire install\u00e9e en int\u00e9rieur n\u2019avait atteint cette ampleur\u00a0: un \u00e9crin de glace hors normes aux allures de piste de danse avec sa boule disco XXL et sa playlist de titres cultes. Au-dessus, les faisceaux de lumi\u00e8re dessinent des perspectives grandioses, tandis qu\u2019une r\u00e9plique de la tour Eiffel compl\u00e8te le d\u00e9cor\u00a0: une ic\u00f4ne dans l\u2019ic\u00f4ne. Et quand le moment vient de troquer les patins pour ses baskets, direction les terrasses Kujten pour se r\u00e9jouir d\u2019un chocolat chaud sign\u00e9 Yannick All\u00e9no.<\/p>\n<p>Publicit\u00e9<\/p>\n<p>Publicit\u00e9<\/p>\n<p>Publicit\u00e9<\/p>\n<p>Publicit\u00e9<\/p>\n<p class=\"mb-4 text-lg md:leading-8 break-words\">Entr\u00e9e Gabrielle Chanel, 7 Avenue Winston-Churchill, 75008 Paris. Du 13\u00a0d\u00e9cembre 2025 de 20h \u00e0 2h au 7\u00a0janvier 2026 (Fermeture \u00e0 19h les 24 et 31\u00a0d\u00e9cembre.)<\/p>\n<p class=\"mb-4 text-lg md:leading-8 break-words\"><strong>Matin\u00e9e\u00a0:<\/strong> 10h00 \u2013 13h00\u00a0: 27\u20ac (Adulte)\/ 15\u20ac (Enfant). <strong>Apr\u00e8s-midi\u00a0:<\/strong> 14h00 \u2013 19h00\u00a0: 32\u20ac (Adulte)\/ 18\u20ac (Enfant). <strong>Nocturne\u00a0:<\/strong> 20h00 \u2013 02h00\u00a0: 39\u20ac. Gratuit pour les &#8211; 3\u00a0ans. <a href=\"https:\/\/www.grandpalais.fr\/fr\/programme\/le-grand-palais-des-glaces-2025\" rel=\"nofollow noopener\" target=\"_blank\" data-ylk=\"slk:www.grandpalais.fr\/fr\/programme\/le-grand-palais-des-glaces-2025;elm:context_link;itc:0;sec:content-canvas\" class=\"link \">www.grandpalais.fr\/fr\/programme\/le-grand-palais-des-glaces-2025<\/a><\/p>\n<p>Fl\u00e2ner dans les all\u00e9es japonisantes du Jardin d&rsquo;Acclimatation<\/p>\n<p class=\"mb-4 text-lg md:leading-8 break-words\">Image<\/p>\n<p><img alt=\"\" loading=\"lazy\" width=\"480\" height=\"320\" decoding=\"async\" data-nimg=\"1\" class=\"rounded-lg\" style=\"color:transparent\" src=\"https:\/\/www.europesays.com\/fr\/wp-content\/uploads\/2025\/12\/f3ac2fcabe6c1c1e11e6e19279a5b73c.jpeg\"\/><\/p>\n<p class=\"mb-4 text-lg md:leading-8 break-words\"> Paris en famille : trois sorties qui vont \u00e9pater les enfants   \u00a9 Sylvain Bachelot <\/p>\n<p class=\"mb-4 text-lg md:leading-8 break-words\">Cette ann\u00e9e, ce n\u2019est pas moins de 2000 lanternes qui illuminent le mythique Jar&#8230;<\/p>\n<p class=\"mb-4 text-lg md:leading-8 break-words\"><a href=\"https:\/\/www.parismatch.com\/Vivre\/paris-en-famille-trois-sorties-qui-vont-epater-les-enfants-cet-hiver-261909?at_medium=affiliate&amp;at_campaign=Yahoo\" rel=\"nofollow noopener\" target=\"_blank\" data-ylk=\"slk:Lire la suite sur ParisMatch;elm:context_link;itc:0;sec:content-canvas\" class=\"link \">Lire la suite sur ParisMatch<\/a><\/p>\n","protected":false},"excerpt":{"rendered":"Patiner sous la nef du Grand Palais Image Paris en famille : trois sorties qui vont \u00e9pater les&hellip;\n","protected":false},"author":2,"featured_media":612694,"comment_status":"","ping_status":"","sticky":false,"template":"","format":"standard","meta":{"footnotes":""},"categories":[1888],"tags":[71902,11,1777,674,1011,27,48115,1398,72358,30635,12,626,25],"class_list":{"0":"post-612693","1":"post","2":"type-post","3":"status-publish","4":"format-standard","5":"has-post-thumbnail","7":"category-paris","8":"tag-75008-paris","9":"tag-actualites","10":"tag-eu","11":"tag-europe","12":"tag-fr","13":"tag-france","14":"tag-gabrielle-chanel","15":"tag-grand-palais","16":"tag-jardin-d39acclimatation","17":"tag-la-tour-eiffel","18":"tag-news","19":"tag-paris","20":"tag-republique-francaise"},"share_on_mastodon":{"url":"https:\/\/pubeurope.com\/@fr\/115754569382177815","error":""},"_links":{"self":[{"href":"https:\/\/www.europesays.com\/fr\/wp-json\/wp\/v2\/posts\/612693","targetHints":{"allow":["GET"]}}],"collection":[{"href":"https:\/\/www.europesays.com\/fr\/wp-json\/wp\/v2\/posts"}],"about":[{"href":"https:\/\/www.europesays.com\/fr\/wp-json\/wp\/v2\/types\/post"}],"author":[{"embeddable":true,"href":"https:\/\/www.europesays.com\/fr\/wp-json\/wp\/v2\/users\/2"}],"replies":[{"embeddable":true,"href":"https:\/\/www.europesays.com\/fr\/wp-json\/wp\/v2\/comments?post=612693"}],"version-history":[{"count":0,"href":"https:\/\/www.europesays.com\/fr\/wp-json\/wp\/v2\/posts\/612693\/revisions"}],"wp:featuredmedia":[{"embeddable":true,"href":"https:\/\/www.europesays.com\/fr\/wp-json\/wp\/v2\/media\/612694"}],"wp:attachment":[{"href":"https:\/\/www.europesays.com\/fr\/wp-json\/wp\/v2\/media?parent=612693"}],"wp:term":[{"taxonomy":"category","embeddable":true,"href":"https:\/\/www.europesays.com\/fr\/wp-json\/wp\/v2\/categories?post=612693"},{"taxonomy":"post_tag","embeddable":true,"href":"https:\/\/www.europesays.com\/fr\/wp-json\/wp\/v2\/tags?post=612693"}],"curies":[{"name":"wp","href":"https:\/\/api.w.org\/{rel}","templated":true}]}}