{"id":612699,"date":"2025-12-20T23:50:35","date_gmt":"2025-12-20T23:50:35","guid":{"rendered":"https:\/\/www.europesays.com\/fr\/612699\/"},"modified":"2025-12-20T23:50:35","modified_gmt":"2025-12-20T23:50:35","slug":"feu-vert-pour-le-global-8000-aux-usa","status":"publish","type":"post","link":"https:\/\/www.europesays.com\/fr\/612699\/","title":{"rendered":"Feu vert pour le Global 8000 aux USA"},"content":{"rendered":"<p>\t\t\t\t\t\t\t\t<img src=\"data:image\/svg+xml,%3Csvg%20xmlns=\" https:=\"\" class=\"attachment-article size-article wp-post-image\" alt=\"\" decoding=\"async\" fetchpriority=\"high\" data-lazy- data-lazy- data-attachment-id=\"7929642\" data-permalink=\"https:\/\/www.aerobuzz.fr\/breves-aviation-affaires\/feu-vert-pour-le-global-8000-aux-usa\/attachment\/bombardier-global-8000-en-vol-2\/\" data-orig-file=\"https:\/\/i0.wp.com\/www.aerobuzz.fr\/wp-content\/uploads\/2025\/12\/Bombardier-global-8000-en-vol.jpg?fit=800%2C464&amp;ssl=1\" data-orig-size=\"800,464\" data-comments-opened=\"1\" data-image-meta=\"{&quot;aperture&quot;:&quot;0&quot;,&quot;credit&quot;:&quot;&quot;,&quot;camera&quot;:&quot;&quot;,&quot;caption&quot;:&quot;&quot;,&quot;created_timestamp&quot;:&quot;1507303904&quot;,&quot;copyright&quot;:&quot;&quot;,&quot;focal_length&quot;:&quot;0&quot;,&quot;iso&quot;:&quot;0&quot;,&quot;shutter_speed&quot;:&quot;0&quot;,&quot;title&quot;:&quot;&quot;,&quot;orientation&quot;:&quot;1&quot;}\" data-image-title=\"\" data-image-description=\"\" data-image-caption=\"&lt;p&gt;Le constructeur canadien Bombardier ne manque pas une occasion d\u2019affirmer que le Global\u202f8000 est l\u2019avion civil le plus rapide depuis le Concorde, avec une vitesse maximale de Mach\u202f0,95. \u00a9 Bombardier&lt;\/p&gt;&#10;\" data-medium-file=\"https:\/\/i0.wp.com\/www.aerobuzz.fr\/wp-content\/uploads\/2025\/12\/Bombardier-global-8000-en-vol.jpg?resize=300%2C174&amp;ssl=1\" data-large-file=\"https:\/\/i0.wp.com\/www.aerobuzz.fr\/wp-content\/uploads\/2025\/12\/Bombardier-global-8000-en-vol.jpg?resize=600%2C348&amp;ssl=1\" data-lazy-src=\"https:\/\/www.europesays.com\/fr\/wp-content\/uploads\/2025\/12\/Bombardier-global-8000-en-vol.jpg\"\/>\t\t\t\t\t\t\t<\/p>\n<p>Le constructeur canadien Bombardier ne manque pas une occasion d&rsquo;affirmer que le Global\u202f8000 est l\u2019avion civil le plus rapide depuis le Concorde, avec une vitesse maximale de Mach\u202f0,95. \u00a9 Bombardier<\/p>\n<p>Le bir\u00e9acteur d\u2019affaires\u00a0Global\u202f8000\u00a0de Bombardier a re\u00e7u la certification de type de la Federal Aviation Administration (FAA), dans la foul\u00e9e de sa certification canadienne, le 5\u202fnovembre\u202f2025 et de son entr\u00e9e en service en d\u00e9cembre\u202f2025.<\/p>\n<p>Avec sa distance de franchissement de 8.000 NM (14.800 km) et sa vitesse maximale de Mach 0,95 (les clients devront choisir entre l\u2019un et l\u2019autre), le Global 8000 place la barre tr\u00e8s haut. \u00a0La certification de l\u2019Agence europ\u00e9enne de la s\u00e9curit\u00e9 a\u00e9rienne (EASA) est en cours.\u00a0Toutefois, le march\u00e9 de cet avion qui offre une vaste cabine se situe certes aux USA, mais surtout dans le Golfe et en Chine.<\/p>\n<p>\n\tArticles similaires<\/p>\n","protected":false},"excerpt":{"rendered":"Le constructeur canadien Bombardier ne manque pas une occasion d&rsquo;affirmer que le Global\u202f8000 est l\u2019avion civil le plus&hellip;\n","protected":false},"author":2,"featured_media":612700,"comment_status":"","ping_status":"","sticky":false,"template":"","format":"standard","meta":{"footnotes":""},"categories":[1589],"tags":[11,44159,73,1866,72360,12,1864,1865,1863,308],"class_list":{"0":"post-612699","1":"post","2":"type-post","3":"status-publish","4":"format-standard","5":"has-post-thumbnail","7":"category-etats-unis","8":"tag-actualites","9":"tag-bombardier","10":"tag-etats-unis","11":"tag-etats-unis-damerique","12":"tag-global-8000","13":"tag-news","14":"tag-united-states","15":"tag-united-states-of-america","16":"tag-us","17":"tag-usa"},"share_on_mastodon":{"url":"https:\/\/pubeurope.com\/@fr\/115754580764655591","error":""},"_links":{"self":[{"href":"https:\/\/www.europesays.com\/fr\/wp-json\/wp\/v2\/posts\/612699","targetHints":{"allow":["GET"]}}],"collection":[{"href":"https:\/\/www.europesays.com\/fr\/wp-json\/wp\/v2\/posts"}],"about":[{"href":"https:\/\/www.europesays.com\/fr\/wp-json\/wp\/v2\/types\/post"}],"author":[{"embeddable":true,"href":"https:\/\/www.europesays.com\/fr\/wp-json\/wp\/v2\/users\/2"}],"replies":[{"embeddable":true,"href":"https:\/\/www.europesays.com\/fr\/wp-json\/wp\/v2\/comments?post=612699"}],"version-history":[{"count":0,"href":"https:\/\/www.europesays.com\/fr\/wp-json\/wp\/v2\/posts\/612699\/revisions"}],"wp:featuredmedia":[{"embeddable":true,"href":"https:\/\/www.europesays.com\/fr\/wp-json\/wp\/v2\/media\/612700"}],"wp:attachment":[{"href":"https:\/\/www.europesays.com\/fr\/wp-json\/wp\/v2\/media?parent=612699"}],"wp:term":[{"taxonomy":"category","embeddable":true,"href":"https:\/\/www.europesays.com\/fr\/wp-json\/wp\/v2\/categories?post=612699"},{"taxonomy":"post_tag","embeddable":true,"href":"https:\/\/www.europesays.com\/fr\/wp-json\/wp\/v2\/tags?post=612699"}],"curies":[{"name":"wp","href":"https:\/\/api.w.org\/{rel}","templated":true}]}}