{"id":61270,"date":"2025-04-29T07:50:08","date_gmt":"2025-04-29T07:50:08","guid":{"rendered":"https:\/\/www.europesays.com\/fr\/61270\/"},"modified":"2025-04-29T07:50:08","modified_gmt":"2025-04-29T07:50:08","slug":"effectifs-en-hausse-verbalisations-en-baisse-a-paris-la-difficile-montee-en-puissance-de-la-police-municipale","status":"publish","type":"post","link":"https:\/\/www.europesays.com\/fr\/61270\/","title":{"rendered":"Effectifs en hausse, verbalisations en baisse\u2026 \u00c0 Paris, la difficile mont\u00e9e en puissance de la police municipale"},"content":{"rendered":"<p class=\"paragraph text_align_left\">Deux si\u00e8cles plus tard, l\u2019expression, souvent utilis\u00e9e pour tourner en d\u00e9rision les autorit\u00e9s, n\u2019a pas pris une ride. \u00c0 <a href=\"https:\/\/www.leparisien.fr\/paris-75\/\" target=\"_blank\" rel=\"nofollow noopener\">Paris<\/a>, c\u2019est ainsi une critique r\u00e9guli\u00e8rement formul\u00e9e par l\u2019opposition de droite : mais que fait la police\u2026 municipale ? Remise au go\u00fbt du jour par la maire (PS) de Paris, Anne Hidalgo, la \u00ab PM \u00bb, qui compte aujourd\u2019hui <a href=\"https:\/\/www.leparisien.fr\/paris-75\/vous-rassurez-les-parisiens-anne-hidalgo-celebre-les-trois-ans-de-sa-police-municipale-16-10-2024-XX3ZIMKD4JDXRA7BNXECN6DWEA.php\" target=\"_blank\" rel=\"nofollow noopener\">plus de 2 300 fonctionnaires<\/a> \u2014 contre 555 en 2022 \u2014, est <a href=\"https:\/\/www.leparisien.fr\/paris-75\/mort-delias-a-paris-valerie-pecresse-voudrait-une-police-municipale-armee-dans-la-capitale-29-01-2025-H77XC2QV3RB73GWJOBWKFLMJ3I.php\" target=\"_blank\" rel=\"nofollow noopener\">r\u00e9guli\u00e8rement attaqu\u00e9e <\/a>par ses d\u00e9tracteurs qui lui reprochent de ne pas remplir ses missions du quotidien, malgr\u00e9 des effectifs en hausse.<\/p>\n","protected":false},"excerpt":{"rendered":"Deux si\u00e8cles plus tard, l\u2019expression, souvent utilis\u00e9e pour tourner en d\u00e9rision les autorit\u00e9s, n\u2019a pas pris une ride.&hellip;\n","protected":false},"author":2,"featured_media":61271,"comment_status":"","ping_status":"","sticky":false,"template":"","format":"standard","meta":{"footnotes":""},"categories":[1888],"tags":[1111,1928,11,1927,1777,674,118,1011,27,1944,12,1926,626,1925,25],"class_list":{"0":"post-61270","1":"post","2":"type-post","3":"status-publish","4":"format-standard","5":"has-post-thumbnail","7":"category-paris","8":"tag-actu","9":"tag-actu-paris","10":"tag-actualites","11":"tag-actualites-paris","12":"tag-eu","13":"tag-europe","14":"tag-faits-divers","15":"tag-fr","16":"tag-france","17":"tag-ma-ville","18":"tag-news","19":"tag-news-paris","20":"tag-paris","21":"tag-paris-news","22":"tag-republique-francaise"},"share_on_mastodon":{"url":"https:\/\/pubeurope.com\/@fr\/114420162471952695","error":""},"_links":{"self":[{"href":"https:\/\/www.europesays.com\/fr\/wp-json\/wp\/v2\/posts\/61270","targetHints":{"allow":["GET"]}}],"collection":[{"href":"https:\/\/www.europesays.com\/fr\/wp-json\/wp\/v2\/posts"}],"about":[{"href":"https:\/\/www.europesays.com\/fr\/wp-json\/wp\/v2\/types\/post"}],"author":[{"embeddable":true,"href":"https:\/\/www.europesays.com\/fr\/wp-json\/wp\/v2\/users\/2"}],"replies":[{"embeddable":true,"href":"https:\/\/www.europesays.com\/fr\/wp-json\/wp\/v2\/comments?post=61270"}],"version-history":[{"count":0,"href":"https:\/\/www.europesays.com\/fr\/wp-json\/wp\/v2\/posts\/61270\/revisions"}],"wp:featuredmedia":[{"embeddable":true,"href":"https:\/\/www.europesays.com\/fr\/wp-json\/wp\/v2\/media\/61271"}],"wp:attachment":[{"href":"https:\/\/www.europesays.com\/fr\/wp-json\/wp\/v2\/media?parent=61270"}],"wp:term":[{"taxonomy":"category","embeddable":true,"href":"https:\/\/www.europesays.com\/fr\/wp-json\/wp\/v2\/categories?post=61270"},{"taxonomy":"post_tag","embeddable":true,"href":"https:\/\/www.europesays.com\/fr\/wp-json\/wp\/v2\/tags?post=61270"}],"curies":[{"name":"wp","href":"https:\/\/api.w.org\/{rel}","templated":true}]}}