{"id":612707,"date":"2025-12-20T23:55:15","date_gmt":"2025-12-20T23:55:15","guid":{"rendered":"https:\/\/www.europesays.com\/fr\/612707\/"},"modified":"2025-12-20T23:55:15","modified_gmt":"2025-12-20T23:55:15","slug":"star-academy-y-a-t-il-eu-une-elimination-a-lissue-du-dernier-prime-lheure-de-verite-apres-les-face-a-face","status":"publish","type":"post","link":"https:\/\/www.europesays.com\/fr\/612707\/","title":{"rendered":"Star Academy : Y a-t-il eu une \u00e9limination \u00e0 l&rsquo;issue du dernier prime ? L&rsquo;heure de v\u00e9rit\u00e9 apr\u00e8s les face-\u00e0-face"},"content":{"rendered":"<p>Ce samedi 20 d\u00e9cembre, les candidats de la Star Academy d\u00e9partag\u00e9s en duels devaient s&rsquo;affronter lors du prime pour d\u00e9terminer, par les votes du public, qui devait quitter l&rsquo;aventure. Mais l&rsquo;\u00e9limination de l&rsquo;un d&rsquo;entre eux \u00e9tait-elle v\u00e9ritablement pr\u00e9vue ? R\u00e9ponse !<\/p>\n<p>Chaque semaine \u00e0 la <a href=\"https:\/\/www.programme-tv.net\/news\/tv\/388521-star-academy-2025-date-de-diffusion-professeurs-casting-toutes-les-infos-sur-la-nouvelle-saison\/\" data-api-deeplink=\"teleloisirs:\/\/news\/388521\" target=\"_blank\" rel=\"noopener\">Star Academy<\/a> m\u00e8ne \u00e0 la m\u00eame \u00e9ch\u00e9ance, redout\u00e9e mais tant attendue : le prime au studio 217, o\u00f9 se produisent les \u00e9l\u00e8ves encore en lice dans cette 13e saison. Car \u00e0 la fin, la sentence est irr\u00e9vocable : l&rsquo;un des candidats nomin\u00e9s \u00e0 l&rsquo;issue des \u00e9valuations devra faire ses adieux \u00e0 ses camarades, <a href=\"https:\/\/www.programme-tv.net\/news\/tv\/394183-leo-elimine-de-la-star-academy-2025-je-vis-tout-ca-comme-une-rupture-amoureuse\/\" data-api-deeplink=\"teleloisirs:\/\/news\/394183\" target=\"_blank\" rel=\"noopener\">\u00e0 l&rsquo;instar de L\u00e9o la semaine derni\u00e8re<\/a>\u2026 Avant que TF1 ne diffuse ce samedi 20 d\u00e9cembre 2025 le prime des face-\u00e0-face, une question agitait les fans : allait-il r\u00e9ellement y avoir une \u00e9limination ce soir, comme semblaient en douter de tr\u00e8s nombreux internautes sur les r\u00e9seaux sociaux\u00a0? Pour rappel, <a href=\"https:\/\/www.programme-tv.net\/news\/tv\/394295-star-academy-2025-qui-sont-les-nomines-et-l-eleve-immunise-pour-le-prime-du-samedi-20-decembre\/\" data-api-deeplink=\"teleloisirs:\/\/news\/394295\" target=\"_blank\" rel=\"noopener\">exception faite d&rsquo;Anouk, immunis\u00e9e<\/a>, les 8 autres \u00e9l\u00e8ves ont \u00e9t\u00e9 r\u00e9partis en duels. <a href=\"https:\/\/www.programme-tv.net\/biographie\/113127-goldman-michael\/\" data-link-people=\"5a3a480e-6215-4ac5-9166-24c775b347bc\" target=\"_blank\" rel=\"noopener\">Michael Goldman<\/a> leur avait annonc\u00e9 la r\u00e8gle de ce prime : chaque duo devait s&rsquo;affronter en face-\u00e0-face pour obtenir les votes du public, les 4 les moins pl\u00e9biscit\u00e9s \u00e9tant cens\u00e9s \u00eatre sur la sellette&#8230;<\/p>\n<p>La composition des face-\u00e0-face avait \u00e9t\u00e9 d\u00e9voil\u00e9e : Victor contre Th\u00e9o sur Don&rsquo;t Let the Sun Go Down on Me, Sarah face \u00e0 M\u00e9lissa sur La foule d&rsquo;\u00c9dith Piaf, Ambre contre Jeanne sur I Love Rock&rsquo;n&rsquo;Roll de Joan Jett &amp; The Blackhearts, et Bastiaan face \u00e0 L\u00e9a sur If I Ain&rsquo;t Got You d&rsquo;Alicia Keys. En plus de ces d\u00e9fis \u00e0 deux, le programme s&rsquo;annon\u00e7ait tr\u00e8s charg\u00e9, avec des prestations avec les artistes invit\u00e9s (<a href=\"https:\/\/www.programme-tv.net\/biographie\/12527-david-craig\/\" data-link-people=\"36a5b316-0351-4cce-94ba-8c810c4ccabe\" target=\"_blank\" rel=\"noopener\">Craig David<\/a>, Santa, Leman et Louane), des temps forts (l&rsquo;ouverture du prime, la carte blanche d&rsquo;Anouk, le medley de No\u00ebl et, enfin, la battle des nomm\u00e9s). C&rsquo;est notamment ce rythme tr\u00e8s dense qui laissait croire aux internautes qu&rsquo;il manquera de temps pour voter et r\u00e9colter les votes \u00e0 la toute fin de la soir\u00e9e, d&rsquo;autant que lors des deux derni\u00e8res saisons de la Star Academy, aucun \u00e9l\u00e8ve n&rsquo;avait \u00e9t\u00e9 \u00e9limin\u00e9 lors du prime de cette date d&rsquo;avant No\u00ebl\u2026<\/p>\n<p>            Y a-t-il eu un \u00e9limin\u00e9 lors de ce prime de la Star Academy du 20 d\u00e9cembre ?<\/p>\n<p>Mais tout au long de la soir\u00e9e, comme pr\u00e9vu, <a href=\"https:\/\/www.programme-tv.net\/news\/tv\/394556-star-academy-decouvrez-quels-eleves-ont-ete-nomines-lors-du-prime-des-duels-lea-deja-sur-la-sellette\/\" data-api-deeplink=\"teleloisirs:\/\/news\/394556\" target=\"_blank\" rel=\"noopener\">les duels ont suivi leur cours<\/a>, menant aux nominations successives de L\u00e9a, Sarah, Jeanne et Th\u00e9o. Au bout du suspense de la battle des nomm\u00e9s, sur la chanson Je n\u2019aurai pas le temps de <a href=\"https:\/\/www.programme-tv.net\/biographie\/46659-fugain-michel\/\" data-link-people=\"42d9f370-64dc-4fae-ab65-e00066853f3d\" target=\"_blank\" rel=\"noopener\">Michel Fugain<\/a>, les t\u00e9l\u00e9spectateurs ayant vot\u00e9 n&rsquo;ont pas suffisamment soutenu Jeanne, qui a donc d\u00fb quitter l&rsquo;aventure et ses camarades de promotion\u2026<\/p>\n","protected":false},"excerpt":{"rendered":"Ce samedi 20 d\u00e9cembre, les candidats de la Star Academy d\u00e9partag\u00e9s en duels devaient s&rsquo;affronter lors du prime&hellip;\n","protected":false},"author":2,"featured_media":612708,"comment_status":"","ping_status":"","sticky":false,"template":"","format":"standard","meta":{"footnotes":""},"categories":[1586],"tags":[11,244,1777,674,1779,1011,27,12,10827,25,5095,72368,199,2175,1778,364],"class_list":{"0":"post-612707","1":"post","2":"type-post","3":"status-publish","4":"format-standard","5":"has-post-thumbnail","7":"category-europe","8":"tag-actualites","9":"tag-commentaire","10":"tag-eu","11":"tag-europe","12":"tag-european-union","13":"tag-fr","14":"tag-france","15":"tag-news","16":"tag-nikos-aliagas","17":"tag-republique-francaise","18":"tag-star-academy","19":"tag-star-academy-apru00e8s-la-vie-de-chu00e2teau-2102024-0410-pm-tf1","20":"tag-tf1","21":"tag-tl-story","22":"tag-ue","23":"tag-union-europeenne"},"share_on_mastodon":{"url":"https:\/\/pubeurope.com\/@fr\/115754600550419182","error":""},"_links":{"self":[{"href":"https:\/\/www.europesays.com\/fr\/wp-json\/wp\/v2\/posts\/612707","targetHints":{"allow":["GET"]}}],"collection":[{"href":"https:\/\/www.europesays.com\/fr\/wp-json\/wp\/v2\/posts"}],"about":[{"href":"https:\/\/www.europesays.com\/fr\/wp-json\/wp\/v2\/types\/post"}],"author":[{"embeddable":true,"href":"https:\/\/www.europesays.com\/fr\/wp-json\/wp\/v2\/users\/2"}],"replies":[{"embeddable":true,"href":"https:\/\/www.europesays.com\/fr\/wp-json\/wp\/v2\/comments?post=612707"}],"version-history":[{"count":0,"href":"https:\/\/www.europesays.com\/fr\/wp-json\/wp\/v2\/posts\/612707\/revisions"}],"wp:featuredmedia":[{"embeddable":true,"href":"https:\/\/www.europesays.com\/fr\/wp-json\/wp\/v2\/media\/612708"}],"wp:attachment":[{"href":"https:\/\/www.europesays.com\/fr\/wp-json\/wp\/v2\/media?parent=612707"}],"wp:term":[{"taxonomy":"category","embeddable":true,"href":"https:\/\/www.europesays.com\/fr\/wp-json\/wp\/v2\/categories?post=612707"},{"taxonomy":"post_tag","embeddable":true,"href":"https:\/\/www.europesays.com\/fr\/wp-json\/wp\/v2\/tags?post=612707"}],"curies":[{"name":"wp","href":"https:\/\/api.w.org\/{rel}","templated":true}]}}