{"id":612711,"date":"2025-12-20T23:57:20","date_gmt":"2025-12-20T23:57:20","guid":{"rendered":"https:\/\/www.europesays.com\/fr\/612711\/"},"modified":"2025-12-20T23:57:20","modified_gmt":"2025-12-20T23:57:20","slug":"colere-des-agriculteurs-dans-le-gers-nouvelles-actions-barrages-deplacements-ou-en-est-la-mobilisation","status":"publish","type":"post","link":"https:\/\/www.europesays.com\/fr\/612711\/","title":{"rendered":"Col\u00e8re des agriculteurs dans le Gers\u00a0: nouvelles actions, barrages, d\u00e9placements\u2026 O\u00f9 en est la mobilisation\u00a0?"},"content":{"rendered":"<p>\n                                                                    l&rsquo;essentiel<br \/>\n                                                                La mobilisation des agriculteurs dans le Gers continue. Si les conditions de circulation s\u2019am\u00e9liorent l\u00e9g\u00e8rement, avec la r\u00e9ouverture de la 2&#215;2 voies dans le sens Auch \/ Toulouse, de nombreux barrages sont encore en place ce samedi 20\u00a0d\u00e9cembre, en d\u00e9but de soir\u00e9e.\n                            <\/p>\n<p>Apr\u00e8s plus d\u2019une semaine, la mobilisation se poursuit dans le Gers. Et pourrait encore durer plusieurs\u00a0jours, m\u00eame si certains barrages commencent \u00e0 \u00eatre lev\u00e9s.<\/p>\n<p>        <img decoding=\"async\" class=\"std-img__img responsive-img\" src=\"https:\/\/www.europesays.com\/fr\/wp-content\/uploads\/2025\/12\/1766275037_738_image.jpg\" alt=\"Des d\u00e9chets ont \u00e9t\u00e9 d\u00e9pos\u00e9s devant la station-service Carrefour \u00e0 Auch.\"\/><\/p>\n<p>                Des d\u00e9chets ont \u00e9t\u00e9 d\u00e9pos\u00e9s devant la station-service Carrefour \u00e0 Auch.<br \/>\n                                    Photo DDM &#8211; S.L.<\/p>\n<p>Dans la nuit du vendredi\u00a019 au samedi 20\u00a0d\u00e9cembre, une nouvelle action a eu lieu devant une station-service, cette fois celle de Carrefour \u00e0 Auch. Paille, fumier et pneus ont \u00e9t\u00e9 d\u00e9pos\u00e9s, afin d\u2019en emp\u00eacher l\u2019acc\u00e8s. Le passage vers les pompes \u00e0 essence a rapidement \u00e9t\u00e9 d\u00e9gag\u00e9, en d\u00e9but de matin\u00e9e.<\/p>\n<p>Am\u00e9lioration sur les routes<\/p>\n<p>Du c\u00f4t\u00e9 des routes, la situation s\u2019am\u00e9liore l\u00e9g\u00e8rement, avec la lev\u00e9e progressive de certains barrages. \u00c0 Auch, la RD1124 reste ferm\u00e9e entre la Hur\u00e9e et Saint-Cricq. Les giratoires de Saint-Cricq et des Justes sont ouverts, tandis que celui de la Hur\u00e9e est occup\u00e9 par les agriculteurs. Une soir\u00e9e conviviale y est organis\u00e9e ce samedi avec des food-trucks.\u00a0La circulation reste possible sauf l\u2019acc\u00e8s \u00e0 la rocade d\u2019Auch.<\/p>\n<p>        <img decoding=\"async\" class=\"std-img__img responsive-img\" src=\"https:\/\/www.europesays.com\/fr\/wp-content\/uploads\/2025\/12\/1766275038_177_image.jpg\" alt=\"Au rond-point de la Hur\u00e9e, les agriculteurs veulent faire durer la mobilisation.\"\/><\/p>\n<p>                Au rond-point de la Hur\u00e9e, les agriculteurs veulent faire durer la mobilisation.<br \/>\n                                    Photo DDM &#8211; S.L.<\/p>\n<p>Entre Auch et la Haute-Garonne, le sens Auch \/ Toulouse sur la RD1124 est d\u00e9gag\u00e9, apr\u00e8s des jours de fermeture. Mais dans le sens Toulouse \/ Auch, l\u2019acc\u00e8s \u00e0 la rocade reste ferm\u00e9 \u00e0 Gimont, au rond-point de la Gu\u00e9rite. L\u2019acc\u00e8s se fait via l\u2019agglom\u00e9ration. \u00c0 Aubiet, la sortie reste obligatoire \u00e0 l\u2019\u00e9changeur n\u00b016, vers la RD928.<\/p>\n<p>        <img decoding=\"async\" class=\"std-img__img responsive-img\" src=\"https:\/\/www.europesays.com\/fr\/wp-content\/uploads\/2025\/12\/1766275039_815_image.jpg\" alt=\"L\u2019entr\u00e9e de Vic, depuis Auch, est ferm\u00e9e.\"\/><\/p>\n<p>                L\u2019entr\u00e9e de Vic, depuis Auch, est ferm\u00e9e.<br \/>\n                                    Photo DDM &#8211; F.F.<\/p>\n<p>Concernant le reste du d\u00e9partement, des barrages complets sont, d\u2019apr\u00e8s Info Route 32, toujours en cours ce samedi soir, \u00e0 Barcelonne (giratoire RD935 \/ RD931), Lass\u00e9rade (giratoire RD943 \/ RD946), Nogaro (giratoire RD931 avenue Daniate) et\u00a0Manciet (avec un mur de paille au niveau de la passerelle pi\u00e9tonne en agglom\u00e9ration). Le barrage de Gimont a \u00e9t\u00e9 lev\u00e9. Partout ailleurs (Maulich\u00e8res, Lanne-Soubiran ou encore Vic), les autres mobilisations se poursuivent, avec, principalement, des barrages filtrants.<\/p>\n<p>        <img decoding=\"async\" class=\"std-img__img responsive-img\" src=\"https:\/\/www.europesays.com\/fr\/wp-content\/uploads\/2025\/12\/1766275040_624_image.jpg\" alt=\"\u00c0 Manciet, la circulation est totalement bloqu\u00e9e dans l\u2019agglom\u00e9ration.\"\/><\/p>\n<p>                \u00c0 Manciet, la circulation est totalement bloqu\u00e9e dans l\u2019agglom\u00e9ration.<br \/>\n                                    Photo DDM &#8211; F.F.<\/p>\n<p>Le trafic ferroviaire est lui aussi toujours interrompu \u00e0 Auch, suite au d\u00e9versement de d\u00e9chets sur la voie SNCF au niveau du passage \u00e0 niveau de l\u2019avenue de la Marne.<\/p>\n","protected":false},"excerpt":{"rendered":"l&rsquo;essentiel La mobilisation des agriculteurs dans le Gers continue. Si les conditions de circulation s\u2019am\u00e9liorent l\u00e9g\u00e8rement, avec la&hellip;\n","protected":false},"author":2,"featured_media":612712,"comment_status":"","ping_status":"","sticky":false,"template":"","format":"standard","meta":{"footnotes":""},"categories":[2],"tags":[11,327,16802,70814,33,1011,27,11328,12,25],"class_list":{"0":"post-612711","1":"post","2":"type-post","3":"status-publish","4":"format-standard","5":"has-post-thumbnail","7":"category-actualites","8":"tag-actualites","9":"tag-agriculture","10":"tag-auch","11":"tag-dermatose-nodulaire","12":"tag-economie","13":"tag-fr","14":"tag-france","15":"tag-gers","16":"tag-news","17":"tag-republique-francaise"},"share_on_mastodon":{"url":"https:\/\/pubeurope.com\/@fr\/115754608966476772","error":""},"_links":{"self":[{"href":"https:\/\/www.europesays.com\/fr\/wp-json\/wp\/v2\/posts\/612711","targetHints":{"allow":["GET"]}}],"collection":[{"href":"https:\/\/www.europesays.com\/fr\/wp-json\/wp\/v2\/posts"}],"about":[{"href":"https:\/\/www.europesays.com\/fr\/wp-json\/wp\/v2\/types\/post"}],"author":[{"embeddable":true,"href":"https:\/\/www.europesays.com\/fr\/wp-json\/wp\/v2\/users\/2"}],"replies":[{"embeddable":true,"href":"https:\/\/www.europesays.com\/fr\/wp-json\/wp\/v2\/comments?post=612711"}],"version-history":[{"count":0,"href":"https:\/\/www.europesays.com\/fr\/wp-json\/wp\/v2\/posts\/612711\/revisions"}],"wp:featuredmedia":[{"embeddable":true,"href":"https:\/\/www.europesays.com\/fr\/wp-json\/wp\/v2\/media\/612712"}],"wp:attachment":[{"href":"https:\/\/www.europesays.com\/fr\/wp-json\/wp\/v2\/media?parent=612711"}],"wp:term":[{"taxonomy":"category","embeddable":true,"href":"https:\/\/www.europesays.com\/fr\/wp-json\/wp\/v2\/categories?post=612711"},{"taxonomy":"post_tag","embeddable":true,"href":"https:\/\/www.europesays.com\/fr\/wp-json\/wp\/v2\/tags?post=612711"}],"curies":[{"name":"wp","href":"https:\/\/api.w.org\/{rel}","templated":true}]}}