{"id":612713,"date":"2025-12-20T23:58:19","date_gmt":"2025-12-20T23:58:19","guid":{"rendered":"https:\/\/www.europesays.com\/fr\/612713\/"},"modified":"2025-12-20T23:58:19","modified_gmt":"2025-12-20T23:58:19","slug":"la-france-classee-11eme-economie-du-monde-pourquoi-notre-pays-sen-sort-mieux-que-prevu","status":"publish","type":"post","link":"https:\/\/www.europesays.com\/fr\/612713\/","title":{"rendered":"La France class\u00e9e \u00ab11eme \u00e9conomie du monde\u00bb : pourquoi notre pays s\u2019en sort mieux que pr\u00e9vu"},"content":{"rendered":"<p>Dans son classement annuel <a href=\"https:\/\/www.capital.fr\/entreprises-marches\/croissance-leconomie-sera-plombee-par-les-droits-de-douane-de-trump-alerte-locde-1514519\" target=\"_blank\" rel=\"noopener\">des pays de l\u2019OCDE<\/a> avec les meilleurs r\u00e9sultats \u00e9conomiques, l\u2019hebdomadaire britannique <a href=\"https:\/\/www.economist.com\/finance-and-economics\/2025\/12\/07\/which-economy-did-best-in-2025\" target=\"_blank\" rel=\"noopener\">The Economist<\/a> a class\u00e9 <strong>a class\u00e9 le Portugal en t\u00eate en 2025.<\/strong> Un classement qui prend en compte \u00e0 la fois la croissance \u00e9conomique, l\u2019inflation, les chiffres de l\u2019emploi ou encore les r\u00e9sultats de son march\u00e9 boursier. Et d\u2019apr\u00e8s l\u2019hebdomadaire, <strong>la France arrive en 11e position.<\/strong> En comparaison,<strong> l\u2019Allemagne arrive seulement 20e, et les \u00c9tats-Unis, 17e.<\/strong><\/p>\n<p>Un classement \u00e9tonnant pour la France, d\u2019autant que ces derniers mois, le d\u00e9bat public autour du d\u00e9ficit public a \u00e9t\u00e9 empreint d\u2019un pessimisme notoire. Mais selon The Economist, la France obtient <strong>un \u00ab<\/strong><strong>score plut\u00f4t bon<\/strong><strong>\u00bb, \u00ab<\/strong><strong>malgr\u00e9 l\u2019instabilit\u00e9 politique<\/strong><strong>\u00bb<\/strong>. Selon le journal, le pays poss\u00e8de <a href=\"https:\/\/www.capital.fr\/economie-politique\/ca-sest-calme-michel-edouard-leclerc-se-veut-rassurant-sur-linflation-1521427\" target=\"_blank\" rel=\"noopener\">l\u2019une des inflations<\/a> les plus faibles au sein de l\u2019Union europ\u00e9enne, mais aussi une croissance bien sup\u00e9rieure aux attentes, <a href=\"https:\/\/www.capital.fr\/economie-politique\/la-croissance-francaise-resiste-et-devrait-atteindre-09-en-2025-1522044\" target=\"_blank\" rel=\"noopener\">\u00e0 0,9\u00a0% en 2025, selon l\u2019Insee<\/a>.<\/p>\n<p>Une \u00e9conomie r\u00e9siliente mais sous perfusion<\/p>\n<p>Pour Olivier Redoul\u00e8s, directeur des \u00e9tudes de Rexecode, \u00abon a sans doute surestim\u00e9 l\u2019impact de l\u2019incertitude\u00bb sur l\u2019\u00e9conomie. Pour lui, m\u00eame si le climat est anxiog\u00e8ne et si certaines entreprises font l\u2019objet de reports d\u2019investissement ou d\u2019embauches,<strong> l\u2019investissement sur un plan plus large \u00ab<\/strong><strong>ne se porte pas si mal<\/strong><strong>\u00bb. <\/strong>Et selon l\u2019Insee, c\u2019est justement la reprise de l\u2019investissement qui porte la croissance fran\u00e7aise fin 2025.<\/p>\n<p>L\u2019\u00e9conomie fran\u00e7aise est aussi<strong> port\u00e9e par ses exportations,<\/strong> <strong>notamment dans l\u2019a\u00e9ronautique.<\/strong> Pour Olivier Redoul\u00e8s, le constat est clair\u00a0: \u00abc\u2019est Airbus qui a tir\u00e9 la croissance\u00bb. Mais cette force ne doit pas pour autant cacher les quelques failles de l\u2019\u00e9conomie fran\u00e7aise, qui sont par exemple<strong> une productivit\u00e9 en berne, mais aussi des difficult\u00e9s dans le domaine de l\u2019emploi et de la formation, <\/strong>dans un pays d\u00e9j\u00e0 tr\u00e8s d\u00e9sindustrialis\u00e9. Enfin, le gros point noir de notre \u00e9conomie semble \u00eatre celui des finances publiques. En 2025, <strong>la croissance est largement port\u00e9e par la d\u00e9pense publique<\/strong>, alors que le d\u00e9ficit public a d\u00e9pass\u00e9 <strong>160\u00a0milliards d\u2019euros, <\/strong>et que la dette atteint 117\u00a0% du PIB. Un mod\u00e8le jug\u00e9 \u00abpas tenable\u00bb \u00e0 long terme selon Olivier Redoul\u00e8s. Toutefois, les investisseurs, eux, ne semblent pas inquiets et continuent de parier sur l\u2019\u00e9conomie fran\u00e7aise. Mais sans r\u00e9forme profonde, cette confiance pourrait s\u2019av\u00e9rer trop fragile.<\/p>\n","protected":false},"excerpt":{"rendered":"Dans son classement annuel des pays de l\u2019OCDE avec les meilleurs r\u00e9sultats \u00e9conomiques, l\u2019hebdomadaire britannique The Economist a&hellip;\n","protected":false},"author":2,"featured_media":612714,"comment_status":"","ping_status":"","sticky":false,"template":"","format":"standard","meta":{"footnotes":""},"categories":[4],"tags":[11,913,674,1011,27,12,6311,25,2542],"class_list":{"0":"post-612713","1":"post","2":"type-post","3":"status-publish","4":"format-standard","5":"has-post-thumbnail","7":"category-france","8":"tag-actualites","9":"tag-croissance","10":"tag-europe","11":"tag-fr","12":"tag-france","13":"tag-news","14":"tag-pib","15":"tag-republique-francaise","16":"tag-u00e9conomie"},"share_on_mastodon":{"url":"https:\/\/pubeurope.com\/@fr\/115754611693197219","error":""},"_links":{"self":[{"href":"https:\/\/www.europesays.com\/fr\/wp-json\/wp\/v2\/posts\/612713","targetHints":{"allow":["GET"]}}],"collection":[{"href":"https:\/\/www.europesays.com\/fr\/wp-json\/wp\/v2\/posts"}],"about":[{"href":"https:\/\/www.europesays.com\/fr\/wp-json\/wp\/v2\/types\/post"}],"author":[{"embeddable":true,"href":"https:\/\/www.europesays.com\/fr\/wp-json\/wp\/v2\/users\/2"}],"replies":[{"embeddable":true,"href":"https:\/\/www.europesays.com\/fr\/wp-json\/wp\/v2\/comments?post=612713"}],"version-history":[{"count":0,"href":"https:\/\/www.europesays.com\/fr\/wp-json\/wp\/v2\/posts\/612713\/revisions"}],"wp:featuredmedia":[{"embeddable":true,"href":"https:\/\/www.europesays.com\/fr\/wp-json\/wp\/v2\/media\/612714"}],"wp:attachment":[{"href":"https:\/\/www.europesays.com\/fr\/wp-json\/wp\/v2\/media?parent=612713"}],"wp:term":[{"taxonomy":"category","embeddable":true,"href":"https:\/\/www.europesays.com\/fr\/wp-json\/wp\/v2\/categories?post=612713"},{"taxonomy":"post_tag","embeddable":true,"href":"https:\/\/www.europesays.com\/fr\/wp-json\/wp\/v2\/tags?post=612713"}],"curies":[{"name":"wp","href":"https:\/\/api.w.org\/{rel}","templated":true}]}}