{"id":612715,"date":"2025-12-21T00:00:18","date_gmt":"2025-12-21T00:00:18","guid":{"rendered":"https:\/\/www.europesays.com\/fr\/612715\/"},"modified":"2025-12-21T00:00:18","modified_gmt":"2025-12-21T00:00:18","slug":"lalterna-stade-poitevin-renoue-avec-la-victoire-en-corse","status":"publish","type":"post","link":"https:\/\/www.europesays.com\/fr\/612715\/","title":{"rendered":"l&rsquo;Alterna Stade Poitevin renoue avec la victoire en Corse"},"content":{"rendered":"<p><strong>GFC Ajaccio\u00a0&#8211; Alterna Stade Poitevin\u00a0: 2-3<\/strong><\/p>\n<p>L\u2019Alterna Stade Poitevin se d\u00e9pla\u00e7ait, ce samedi 20\u00a0d\u00e9cembre 2025, \u00e0 Ajaccio, \u00e0 l\u2019occasion de la 12e\u00a0journ\u00e9e de MSL. Dan Lewis et ses prot\u00e9g\u00e9s ont profit\u00e9 de ce voyage en Corse pour renouer avec la victoire, apr\u00e8s deux d\u00e9faites de rang contre Nice (2-3), en championnat, et \u00e0 Paris (3-0), en quart de finale de Coupe de France.<\/p>\n<p>Ce match au U Palatinu n\u2019avait pourtant pas forc\u00e9ment d\u00e9marr\u00e9 de la meilleure des mani\u00e8res pour les Stadistes, domin\u00e9s par les Ajacciens lors du premier set (27-25) alors qu\u2019ils avaient men\u00e9 quasiment tout au long de cette manche initiale. Heureusement, les Poitevins ont su rectifier le tir dans la foul\u00e9e en se montrant solides dans le money time du deuxi\u00e8me set gr\u00e2ce \u00e0 Thomas Pujol et Tom Picard (22-22 puis 22-25).<\/p>\n<p>Ils l\u2019ont \u00e9t\u00e9 un petit peu moins dans une manche suivante qu\u2019ils ont domin\u00e9e (2-5, 8-12, 13-19 puis 17-22) avant de voir les Corses revenir (22-23). Heureusement, Tom Picard a fait ce qu&rsquo;il fallait pour donner l&rsquo;avantage aux siens (23-25). Mais les Poitevins n&rsquo;ont pas su encha\u00eener et ils ont connu un gros trou d&rsquo;air (12-10 puis 17-10) dans une quatri\u00e8me manche perdue (25-18) qui les a contraints \u00e0 disputer un tie-break.<\/p>\n<p>Et celui-ci a mal commenc\u00e9 pour l&rsquo;Alterna SPVB, rapidement men\u00e9 (8-5) malgr\u00e9 les nombreuses fautes corses. Mais les Stadistes ont su vite recoller (8-8) avant de passer devant pour la premi\u00e8re fois gr\u00e2ce \u00e0 un ace de Simon Gill (9-10). Malgr\u00e9 la combativit\u00e9 corse et trois balles de matchs sauv\u00e9s c\u00f4t\u00e9 GFCA, Simon Magnin a fini par faire la diff\u00e9rence sur un ace (15-17).<\/p>\n<p>Apr\u00e8s ce sixi\u00e8me succ\u00e8s de la saison, Franco Massimino et ses partenaires auront droit \u00e0 quelques jours de vacances avant de retrouver le chemin de l\u2019entra\u00eenement pour pr\u00e9parer la venue de Tourcoing, le mardi 30\u00a0d\u00e9cembre 2025, \u00e0 Lawson-Body<\/p>\n<p>\u00a0<\/p>\n","protected":false},"excerpt":{"rendered":"GFC Ajaccio\u00a0&#8211; Alterna Stade Poitevin\u00a0: 2-3 L\u2019Alterna Stade Poitevin se d\u00e9pla\u00e7ait, ce samedi 20\u00a0d\u00e9cembre 2025, \u00e0 Ajaccio, \u00e0&hellip;\n","protected":false},"author":2,"featured_media":612716,"comment_status":"","ping_status":"","sticky":false,"template":"","format":"standard","meta":{"footnotes":""},"categories":[1417],"tags":[1392,1654,1011,27,1655,1653,60,1584,1470,1469],"class_list":{"0":"post-612715","1":"post","2":"type-post","3":"status-publish","4":"format-standard","5":"has-post-thumbnail","7":"category-volley","8":"tag-a-la-une-local","9":"tag-alterna-stade-poitevin-volley-ball","10":"tag-fr","11":"tag-france","12":"tag-ligue-a","13":"tag-poitiers","14":"tag-sports","15":"tag-vienne","16":"tag-volley","17":"tag-volleyball"},"share_on_mastodon":{"url":"https:\/\/pubeurope.com\/@fr\/115754619675011707","error":""},"_links":{"self":[{"href":"https:\/\/www.europesays.com\/fr\/wp-json\/wp\/v2\/posts\/612715","targetHints":{"allow":["GET"]}}],"collection":[{"href":"https:\/\/www.europesays.com\/fr\/wp-json\/wp\/v2\/posts"}],"about":[{"href":"https:\/\/www.europesays.com\/fr\/wp-json\/wp\/v2\/types\/post"}],"author":[{"embeddable":true,"href":"https:\/\/www.europesays.com\/fr\/wp-json\/wp\/v2\/users\/2"}],"replies":[{"embeddable":true,"href":"https:\/\/www.europesays.com\/fr\/wp-json\/wp\/v2\/comments?post=612715"}],"version-history":[{"count":0,"href":"https:\/\/www.europesays.com\/fr\/wp-json\/wp\/v2\/posts\/612715\/revisions"}],"wp:featuredmedia":[{"embeddable":true,"href":"https:\/\/www.europesays.com\/fr\/wp-json\/wp\/v2\/media\/612716"}],"wp:attachment":[{"href":"https:\/\/www.europesays.com\/fr\/wp-json\/wp\/v2\/media?parent=612715"}],"wp:term":[{"taxonomy":"category","embeddable":true,"href":"https:\/\/www.europesays.com\/fr\/wp-json\/wp\/v2\/categories?post=612715"},{"taxonomy":"post_tag","embeddable":true,"href":"https:\/\/www.europesays.com\/fr\/wp-json\/wp\/v2\/tags?post=612715"}],"curies":[{"name":"wp","href":"https:\/\/api.w.org\/{rel}","templated":true}]}}