{"id":612719,"date":"2025-12-21T00:02:13","date_gmt":"2025-12-21T00:02:13","guid":{"rendered":"https:\/\/www.europesays.com\/fr\/612719\/"},"modified":"2025-12-21T00:02:13","modified_gmt":"2025-12-21T00:02:13","slug":"aubiet-tennis-un-week-end-contraste-mais-positif-sur-les-courts","status":"publish","type":"post","link":"https:\/\/www.europesays.com\/fr\/612719\/","title":{"rendered":"Aubiet. Tennis : Un week-end contrast\u00e9 mais positif sur les courts"},"content":{"rendered":"<p>De nombreuses \u00e9quipes \u00e9taient engag\u00e9es ce week-end sur les courts. Les plus de 60 ans se sont inclin\u00e9s \u00e0 Nogaro (2-1), avec deux simples perdus et une victoire en double (Georges Joya et Philippe Dumoussaud).<\/p>\n<p>L\u2019\u00e9quipe 2 dames s\u2019est impos\u00e9e samedi \u00e0 domicile face \u00e0 Mirande (2-1), malgr\u00e9 une d\u00e9faite en double et des victoires en simples de Jessica Fulcheri et G\u00e9raldine Filhol.<\/p>\n<p>L\u2019\u00e9quipe 1 dames est all\u00e9e s\u2019imposer \u00e0 Aignan dimanche en remportant les trois matches (Caroline Chotard, Anne-Lise Puech et Am\u00e9lie Loubet).<\/p>\n<p>L\u2019\u00e9quipe 2 messieurs s\u2019est impos\u00e9e \u00e0 Aubiet contre l\u2019ASPTT d\u2019Auch, malgr\u00e9 des courts rest\u00e9s longtemps humides, retardant le d\u00e9but de la rencontre (victoire de la famille Elmatal en double et d\u2019Arthur Gerrer en simple).<\/p>\n","protected":false},"excerpt":{"rendered":"De nombreuses \u00e9quipes \u00e9taient engag\u00e9es ce week-end sur les courts. Les plus de 60 ans se sont inclin\u00e9s&hellip;\n","protected":false},"author":2,"featured_media":612720,"comment_status":"","ping_status":"","sticky":false,"template":"","format":"standard","meta":{"footnotes":""},"categories":[1415],"tags":[72369,1011,27,11328,517,60,1467],"class_list":{"0":"post-612719","1":"post","2":"type-post","3":"status-publish","4":"format-standard","5":"has-post-thumbnail","7":"category-tennis","8":"tag-aubiet","9":"tag-fr","10":"tag-france","11":"tag-gers","12":"tag-sport","13":"tag-sports","14":"tag-tennis"},"share_on_mastodon":{"url":"https:\/\/pubeurope.com\/@fr\/115754627433049586","error":""},"_links":{"self":[{"href":"https:\/\/www.europesays.com\/fr\/wp-json\/wp\/v2\/posts\/612719","targetHints":{"allow":["GET"]}}],"collection":[{"href":"https:\/\/www.europesays.com\/fr\/wp-json\/wp\/v2\/posts"}],"about":[{"href":"https:\/\/www.europesays.com\/fr\/wp-json\/wp\/v2\/types\/post"}],"author":[{"embeddable":true,"href":"https:\/\/www.europesays.com\/fr\/wp-json\/wp\/v2\/users\/2"}],"replies":[{"embeddable":true,"href":"https:\/\/www.europesays.com\/fr\/wp-json\/wp\/v2\/comments?post=612719"}],"version-history":[{"count":0,"href":"https:\/\/www.europesays.com\/fr\/wp-json\/wp\/v2\/posts\/612719\/revisions"}],"wp:featuredmedia":[{"embeddable":true,"href":"https:\/\/www.europesays.com\/fr\/wp-json\/wp\/v2\/media\/612720"}],"wp:attachment":[{"href":"https:\/\/www.europesays.com\/fr\/wp-json\/wp\/v2\/media?parent=612719"}],"wp:term":[{"taxonomy":"category","embeddable":true,"href":"https:\/\/www.europesays.com\/fr\/wp-json\/wp\/v2\/categories?post=612719"},{"taxonomy":"post_tag","embeddable":true,"href":"https:\/\/www.europesays.com\/fr\/wp-json\/wp\/v2\/tags?post=612719"}],"curies":[{"name":"wp","href":"https:\/\/api.w.org\/{rel}","templated":true}]}}