{"id":612721,"date":"2025-12-21T00:06:14","date_gmt":"2025-12-21T00:06:14","guid":{"rendered":"https:\/\/www.europesays.com\/fr\/612721\/"},"modified":"2025-12-21T00:06:14","modified_gmt":"2025-12-21T00:06:14","slug":"nathan-bommenel-je-nai-jamais-ete-a-bloc-actualite","status":"publish","type":"post","link":"https:\/\/www.europesays.com\/fr\/612721\/","title":{"rendered":"Nathan Bommenel : \u00ab Je n&rsquo;ai jamais \u00e9t\u00e9 \u00e0 bloc \u00bb &#8211; Actualit\u00e9"},"content":{"rendered":"<p>Pour sa quatri\u00e8me manche de la Coupe du Monde, <a href=\"https:\/\/www.directvelo.com\/coureur\/37495\/nathan-bommenel\" target=\"_blank\" rel=\"noopener\">Nathan Bommenel<\/a> termine <a href=\"https:\/\/www.directvelo.com\/epreuve\/49016\/cc-anvers-coupe-du-monde-elite-hommes-2025\" target=\"_blank\" rel=\"noopener\"><strong>aux portes du Top 20<\/strong><\/a> ce samedi \u00e0 Anvers. Parmi les 91 partants, le coureur d&rsquo;ACT Cycling \u00e9tait plac\u00e9 en cinqui\u00e8me ligne sur la grille de d\u00e9part. \u00ab\u00a0D\u00e8s le d\u00e9but, \u00e7a tombe et apr\u00e8s le virage, dans le sable, \u00e7a s&rsquo;est entass\u00e9. Je me suis vite retrouv\u00e9 loin\u00a0\u00bb, commente-t-il pour DirectVelo.\u00a0<\/p>\n<p>Et pour remonter, le sable d&rsquo;Anvers n&rsquo;a pas aid\u00e9. \u00ab\u00a0Tu suis, tu suis, t&rsquo;essayes de passer mais il y en a toujours un qui acc\u00e9l\u00e8re un peu plus et \u00e7a se plante dans le sable. Tu te retrouves arr\u00eat\u00e9\u00a0\u00bb, d\u00e9crit-il avant de r\u00e9sumer : \u00ab\u00a0C&rsquo;est une course dans le sable, je n&rsquo;ai jamais \u00e9t\u00e9 \u00e0 bloc. Les seules parties o\u00f9 on peut doubler sont sur la route mais c&rsquo;\u00e9tait vent de face\u00a0\u00bb.<\/p>\n<p>Une semaine apr\u00e8s Namur o\u00f9 <a href=\"https:\/\/www.directvelo.com\/actualite\/125955\/du-silex-qui-coupe-les-ambitions-de-nathan-bommenel\" target=\"_blank\" rel=\"noopener\"><strong>son \u00e9lan a \u00e9t\u00e9 coup\u00e9 par les crevaisons<\/strong><\/a>, \u00ab\u00a0c&rsquo;\u00e9tait peut-\u00eatre un jour moins bien, ici, \u00e0 Anvers, reconna\u00eet l&rsquo;ancien Champion de France Espoirs de cyclo-cross. Sur les parties roulantes, j&rsquo;avais de la force mais dans le sable, quand tu es dans les groupes, tu es oblig\u00e9 de suivre \u00e0 pied ou \u00e0 v\u00e9lo, tu subis les autres\u00a0\u00bb. Ce dimanche, \u00e0 Coxyde, Nathan Bommenel, 25e du classement g\u00e9n\u00e9ral de la Coupe du Monde, aura une autre chance pour faire sa course.<\/p>\n","protected":false},"excerpt":{"rendered":"Pour sa quatri\u00e8me manche de la Coupe du Monde, Nathan Bommenel termine aux portes du Top 20 ce&hellip;\n","protected":false},"author":2,"featured_media":612722,"comment_status":"","ping_status":"","sticky":false,"template":"","format":"standard","meta":{"footnotes":""},"categories":[1411],"tags":[834,828,836,829,837,827,83,826,824,823,1154,207,814,817,815,816,822,821,832,211,839,1011,27,820,818,819,835,831,830,833,838,60,212,208,825],"class_list":{"0":"post-612721","1":"post","2":"type-post","3":"status-publish","4":"format-standard","5":"has-post-thumbnail","7":"category-cyclisme","8":"tag-attaque","9":"tag-belgique","10":"tag-braquet","11":"tag-bretagne","12":"tag-chute","13":"tag-competition","14":"tag-coupe-de-france","15":"tag-coureur","16":"tag-course-cyclisme","17":"tag-course-cycliste","18":"tag-cycling","19":"tag-cyclisme","20":"tag-direct","21":"tag-direct-velo","22":"tag-directvelo","23":"tag-directvelo-com","24":"tag-epreuve","25":"tag-epreuve-cycliste","26":"tag-federation-francaise-de-cyclisme","27":"tag-ffc","28":"tag-flandres","29":"tag-fr","30":"tag-france","31":"tag-live","32":"tag-live-course","33":"tag-live-epreuve","34":"tag-peloton","35":"tag-radio-peloton","36":"tag-radio-tour","37":"tag-ravitaillement","38":"tag-relance","39":"tag-sports","40":"tag-uci","41":"tag-velo","42":"tag-velos"},"share_on_mastodon":{"url":"https:\/\/pubeurope.com\/@fr\/115754643265445771","error":""},"_links":{"self":[{"href":"https:\/\/www.europesays.com\/fr\/wp-json\/wp\/v2\/posts\/612721","targetHints":{"allow":["GET"]}}],"collection":[{"href":"https:\/\/www.europesays.com\/fr\/wp-json\/wp\/v2\/posts"}],"about":[{"href":"https:\/\/www.europesays.com\/fr\/wp-json\/wp\/v2\/types\/post"}],"author":[{"embeddable":true,"href":"https:\/\/www.europesays.com\/fr\/wp-json\/wp\/v2\/users\/2"}],"replies":[{"embeddable":true,"href":"https:\/\/www.europesays.com\/fr\/wp-json\/wp\/v2\/comments?post=612721"}],"version-history":[{"count":0,"href":"https:\/\/www.europesays.com\/fr\/wp-json\/wp\/v2\/posts\/612721\/revisions"}],"wp:featuredmedia":[{"embeddable":true,"href":"https:\/\/www.europesays.com\/fr\/wp-json\/wp\/v2\/media\/612722"}],"wp:attachment":[{"href":"https:\/\/www.europesays.com\/fr\/wp-json\/wp\/v2\/media?parent=612721"}],"wp:term":[{"taxonomy":"category","embeddable":true,"href":"https:\/\/www.europesays.com\/fr\/wp-json\/wp\/v2\/categories?post=612721"},{"taxonomy":"post_tag","embeddable":true,"href":"https:\/\/www.europesays.com\/fr\/wp-json\/wp\/v2\/tags?post=612721"}],"curies":[{"name":"wp","href":"https:\/\/api.w.org\/{rel}","templated":true}]}}