{"id":612725,"date":"2025-12-21T00:08:14","date_gmt":"2025-12-21T00:08:14","guid":{"rendered":"https:\/\/www.europesays.com\/fr\/612725\/"},"modified":"2025-12-21T00:08:14","modified_gmt":"2025-12-21T00:08:14","slug":"michele-bernier-revient-sur-son-role-de-presidente-du-jury-miss-france","status":"publish","type":"post","link":"https:\/\/www.europesays.com\/fr\/612725\/","title":{"rendered":"Mich\u00e8le Bernier revient sur son r\u00f4le de pr\u00e9sidente du jury Miss France"},"content":{"rendered":"<p>    Mich\u00e8le Bernier dans \u00ab50\u2019Inside\u00bb<br \/>\n                Capture d&rsquo;\u00e9cran<\/p>\n<p>\n    La com\u00e9dienne de 69 ans \u00e9tait l\u2019invit\u00e9e d\u2019Isabelle Ithurburu dans le portrait de la semaine de \u00ab50\u2019inside\u00bb ce samedi 20 d\u00e9cembre. Deux semaines apr\u00e8s l\u2019\u00e9lection d\u2019Hinaupoko Dev\u00e8ze Miss France 2026, elle a \u00e9voqu\u00e9 les raisons de sa pr\u00e9sence au sein du concours.<\/p>\n<p class=\"fig-paragraph\">\u00abLa Miss des Miss.\u00bb Apr\u00e8s\u00a0<a href=\"http:\/\/tvmag.lefigaro.fr\/programme-tv\/miss-france\/miss-france-2025-jury-100-feminin-avec-sylvie-vartan-presidente-marie-jose-perec-et-cristina-cordula-20241128\" target=\"_blank\" data-fig-type=\"Article\" rel=\"noopener\" data-gtm-custom-categorie=\"navigation\" data-gtm-custom-action=\"crossclick\" data-gtm-custom-label=\"Contextuel\" data-gtm-event=\"customEventSPE\" data-fig-domain=\"TVMAG\">Sylvie Vartan<\/a>\u00a0pour l\u2019\u00e9dition 2025, et Jean-Pierre Pernault, Francis Huster et Sylvie Tellier pour les pr\u00e9c\u00e9dentes, c\u2019\u00e9tait au tour de\u00a0<a href=\"https:\/\/www.lefigaro.fr\/tag\/michele-bernier\" target=\"_blank\" rel=\"sponsored noopener\" data-gtm-custom-categorie=\"navigation\" data-gtm-custom-action=\"crossclick\" data-gtm-custom-label=\"Contextuel\" data-gtm-event=\"customEventSPE\"><strong>Mich\u00e8le Bernier<\/strong><\/a> \u00a0de pr\u00e9sider le jury Miss France cette ann\u00e9e. Aux c\u00f4t\u00e9s de\u00a0<a href=\"http:\/\/tvmag.lefigaro.fr\/programme-tv\/actu-tele\/c-est-inadmissible-bruce-toussaint-reagit-au-geste-de-jean-luc-melenchon-envers-benjamin-duhamel-20251016\" target=\"_blank\" data-fig-type=\"Article\" rel=\"noopener\" data-gtm-custom-categorie=\"navigation\" data-gtm-custom-action=\"crossclick\" data-gtm-custom-label=\"Contextuel\" data-gtm-event=\"customEventSPE\" data-fig-domain=\"TVMAG\">Bruce Toussaint<\/a>,\u00a0<a href=\"http:\/\/tvmag.lefigaro.fr\/programme-tv\/miss-france\/ne-pas-s-agacer-quand-le-premier-recadrage-de-camille-cerf-a-hinaupoko-deveze-miss-france-2026-20251208\" target=\"_blank\" data-fig-type=\"Article\" rel=\"noopener\" data-gtm-custom-categorie=\"navigation\" data-gtm-custom-action=\"crossclick\" data-gtm-custom-label=\"Contextuel\" data-gtm-event=\"customEventSPE\" data-fig-domain=\"TVMAG\">Camille Cerf<\/a>, Axelle Saint-Cirel,<a href=\"http:\/\/tvmag.lefigaro.fr\/programme-tv\/actu-tele\/s-il-y-a-un-petit-asterisque-en-bas-le-clin-d-oeil-de-philippe-caveriviere-au-testament-de-thierry-ardisson-20250927\" target=\"_blank\" data-fig-type=\"Article\" rel=\"noopener\" data-gtm-custom-categorie=\"navigation\" data-gtm-custom-action=\"crossclick\" data-gtm-custom-label=\"Contextuel\" data-gtm-event=\"customEventSPE\" data-fig-domain=\"TVMAG\">\u00a0Philippe Caverivi\u00e8re<\/a>, Tom Villa et Sally, la com\u00e9dienne a \u00e9valu\u00e9 les 30 candidates au titre de Miss France 2026.<\/p>\n<p class=\"fig-paragraph\">Invit\u00e9e par<a href=\"http:\/\/tvmag.lefigaro.fr\/programme-tv\/ce-soir-tele\/stars-a-domicile-un-reve-eveille-20251128\" target=\"_blank\" data-fig-type=\"Article\" rel=\"noopener\" data-gtm-custom-categorie=\"navigation\" data-gtm-custom-action=\"crossclick\" data-gtm-custom-label=\"Contextuel\" data-gtm-event=\"customEventSPE\" data-fig-domain=\"TVMAG\">\u00a0Isabelle Ithurburu\u00a0<\/a>dans le portrait de la semaine de\u00a0<a href=\"http:\/\/tvmag.lefigaro.fr\/programme-tv\/people\/comme-si-c-etait-ma-maison-qui-brulait-garou-se-rappelle-l-incendie-de-notre-dame-de-paris-dans-50-inside-20250503\" target=\"_blank\" data-fig-type=\"Article\" rel=\"noopener\" data-gtm-custom-categorie=\"navigation\" data-gtm-custom-action=\"crossclick\" data-gtm-custom-label=\"Contextuel\" data-gtm-event=\"customEventSPE\" data-fig-domain=\"TVMAG\">\u00ab50\u2019Inside\u00bb<\/a>\u00a0sur TF1, elle a expliqu\u00e9 les raisons qui l\u2019ont pouss\u00e9e \u00e0 accepter ce r\u00f4le \u00abqui n\u2019est pas anodin\u00bb, comme le souligne la journaliste, dans ce concours \u00abpopulaire mais qui v\u00e9hicule plein de choses\u00bb. \u00ab\u00c7a v\u00e9hicule trop de choses n\u00e9gatives, \u00e0 une \u00e9poque o\u00f9 on prend beaucoup la d\u00e9fense des femmes, o\u00f9 on est sur la libert\u00e9 de la parole. Et j\u2019ai l\u2019impression tout le temps que c\u2019est un camp ou un autre. Moi, \u00e7a me d\u00e9range au bout d\u2019un moment\u00bb, a d\u00e9plor\u00e9 Mich\u00e8le Bernier tout en rappelant\u00a0: \u00abJe me dis que ces femmes sont tr\u00e8s jolies, tr\u00e8s belles. Elles sont aussi tr\u00e8s intelligentes, elles ont envie d\u2019\u00eatre l\u00e0. Je pense qu\u2019il faut \u00eatre tr\u00e8s courageuse malgr\u00e9 tout ce qu\u2019on croit pour faire \u00e7a.\u00bb<\/p>\n<p class=\"fig-body-link\">\n            \u00c0 lire aussi<br \/>\n        <a class=\"fig-body-link__link\" href=\"http:\/\/tvmag.lefigaro.fr\/programme-tv\/miss-france\/miss-france-2026-hinaupoko-deveze-miss-tahiti-n-etait-pas-la-favorite-du-jury-20251207\" target=\"_blank\" data-fig-type=\"Article\" rel=\"noopener\" data-gtm-custom-categorie=\"navigation\" data-gtm-custom-action=\"crossclick\" data-gtm-custom-label=\"Contextuel\" data-gtm-event=\"customEventSPE\" data-fig-domain=\"TVMAG\"><\/p>\n<p>        Miss France 2026\u00a0: Hinaupoko Dev\u00e8ze, Miss Tahiti, n\u2019\u00e9tait pas la favorite du jury<br \/>\n    <\/a>\n<\/p>\n<p>                                                                <a class=\"fig-a11y-skip\" href=\"#fig-a11y-skip-main-inarticle\" data-module=\"a11y-skip\" data-context=\"was @visible\"><br \/>\n    Passer la publicit\u00e9<br \/>\n<\/a>            <\/p>\n<p class=\"fig-paragraph\">Au-del\u00e0 de l\u2019importance de la bienveillance et de la sororit\u00e9, la com\u00e9dienne a \u00e9galement soulign\u00e9 le message qu\u2019elle voulait faire passer par sa pr\u00e9sence \u00e0 un tel \u00e9v\u00e9nement. \u00abLe fait que cette ann\u00e9e, c\u2019est une femme de mon \u00e2ge, avec mes rondeurs, je me dis qu\u2019on ouvre un peu des portes. Moi je dis, ensemble\u00a0! C\u2019est \u00e7a qui compte. Si les Miss France ont pu nous donner \u00e7a cette ann\u00e9e, eh bien je suis ravie d\u2019avoir \u00e9t\u00e9 la pr\u00e9sidente\u00bb, s\u2019est-elle r\u00e9jouie.<\/p>\n<p class=\"fig-paragraph\">Quant \u00e0 la question de la modernit\u00e9 du concours, Mich\u00e8le Bernier cl\u00f4t rapidement le sujet en rappelant la ferveur du public. \u00abJe pense que c\u2019est un concours, les gens aiment \u00e7a. Il faut respecter aussi le fait que ce soit populaire. Je pense aussi qu\u2019on est un pays qui aime ses r\u00e9gions, les gens sont contents aussi de pouvoir voter pour leurs r\u00e9gions\u00bb, a-t-elle rappel\u00e9 avant d\u2019adresser une l\u00e9g\u00e8re pique faisant r\u00e9f\u00e9rence au contexte politique actuel fran\u00e7ais\u00a0: \u00ab\u00c7a met peut-\u00eatre en exergue aussi le fait que ce pays est peut-\u00eatre dans des difficult\u00e9s mais c\u2019est un pays qui aime sa terre, ses endroits, ses diff\u00e9rences et ses cultures.\u00bb<\/p>\n","protected":false},"excerpt":{"rendered":"Mich\u00e8le Bernier dans \u00ab50\u2019Inside\u00bb Capture d&rsquo;\u00e9cran La com\u00e9dienne de 69 ans \u00e9tait l\u2019invit\u00e9e d\u2019Isabelle Ithurburu dans le portrait&hellip;\n","protected":false},"author":2,"featured_media":612726,"comment_status":"","ping_status":"","sticky":false,"template":"","format":"standard","meta":{"footnotes":""},"categories":[1359],"tags":[58,59,1011,27,3034,973],"class_list":{"0":"post-612725","1":"post","2":"type-post","3":"status-publish","4":"format-standard","5":"has-post-thumbnail","7":"category-people","8":"tag-divertissement","9":"tag-entertainment","10":"tag-fr","11":"tag-france","12":"tag-miss-france","13":"tag-people"},"share_on_mastodon":{"url":"https:\/\/pubeurope.com\/@fr\/115754651191102978","error":""},"_links":{"self":[{"href":"https:\/\/www.europesays.com\/fr\/wp-json\/wp\/v2\/posts\/612725","targetHints":{"allow":["GET"]}}],"collection":[{"href":"https:\/\/www.europesays.com\/fr\/wp-json\/wp\/v2\/posts"}],"about":[{"href":"https:\/\/www.europesays.com\/fr\/wp-json\/wp\/v2\/types\/post"}],"author":[{"embeddable":true,"href":"https:\/\/www.europesays.com\/fr\/wp-json\/wp\/v2\/users\/2"}],"replies":[{"embeddable":true,"href":"https:\/\/www.europesays.com\/fr\/wp-json\/wp\/v2\/comments?post=612725"}],"version-history":[{"count":0,"href":"https:\/\/www.europesays.com\/fr\/wp-json\/wp\/v2\/posts\/612725\/revisions"}],"wp:featuredmedia":[{"embeddable":true,"href":"https:\/\/www.europesays.com\/fr\/wp-json\/wp\/v2\/media\/612726"}],"wp:attachment":[{"href":"https:\/\/www.europesays.com\/fr\/wp-json\/wp\/v2\/media?parent=612725"}],"wp:term":[{"taxonomy":"category","embeddable":true,"href":"https:\/\/www.europesays.com\/fr\/wp-json\/wp\/v2\/categories?post=612725"},{"taxonomy":"post_tag","embeddable":true,"href":"https:\/\/www.europesays.com\/fr\/wp-json\/wp\/v2\/tags?post=612725"}],"curies":[{"name":"wp","href":"https:\/\/api.w.org\/{rel}","templated":true}]}}